{"id":9236,"date":"2024-11-21T13:10:03","date_gmt":"2024-11-21T11:10:03","guid":{"rendered":"https:\/\/aetka.de\/blog\/?p=9236"},"modified":"2024-11-21T15:17:51","modified_gmt":"2024-11-21T13:17:51","slug":"was-schenke-ich-meinen-kindern","status":"publish","type":"post","link":"https:\/\/aetka.de\/blog\/was-schenke-ich-meinen-kindern\/","title":{"rendered":"Was schenke ich meinen Kindern?"},"content":{"rendered":"<p><strong>Was schenke ich meinen Kindern zum Geburtstag oder zu Weihnachten? Diese Frage werden sich wohl die meisten Eltern stellen. Was f\u00fcr ein neues Spielzeug soll es denn sein? \u00a0Es sollte schon etwas sein, wo Kinder lange Freude daran haben. Kinder wollen sich ausprobieren, dabei entdecken und lernen und der Spa\u00df darf auch nicht zu kurz kommen. Langeweile war gestern \u2013 Mit unseren Technikhighlights von morgen bereitest Du jedem Kind strahlende Augen. Und damit Du immer auf der sicheren Seite bist, haben wir f\u00fcr Dich schon einmal die passende Auswahl an Geschenken zusammengestellt.<\/strong><\/p>\n<p><!--more--><\/p>\n<h2><strong>Zur Ruhe kommen nach einem bewegten Tag &#8211; ALECTO Schlaftrainer<\/strong><\/h2>\n<p>Klein angefangen:\u00a0 Die Alecto Schlaftrainer \u2013 wahlweise in neutraler Form, als Affe oder Schnecke verf\u00fcgbar \u2013 bringen den kleinen Kindern Tag und Nacht bei. Mittels Beleuchtung zeigt er Kindern die Tages- und Nachtzeiten an. Der BC100 ist ein Schlaftrainer, der Kindern hilft, ein Gef\u00fchl f\u00fcr die Zeit zu entwickeln.<\/p>\n<img decoding=\"async\" class=\"alignnone wp-image-11238 size-full\" src=\"https:\/\/aetka.de\/blog\/wp-content\/uploads\/2023\/11\/ALECTO-Schlaftr_Affe_Kinder.jpg\" alt=\"\" width=\"250\" height=\"250\" srcset=\"https:\/\/aetka.de\/blog\/wp-content\/uploads\/2023\/11\/ALECTO-Schlaftr_Affe_Kinder.jpg 250w, https:\/\/aetka.de\/blog\/wp-content\/uploads\/2023\/11\/ALECTO-Schlaftr_Affe_Kinder-140x140.jpg 140w, https:\/\/aetka.de\/blog\/wp-content\/uploads\/2023\/11\/ALECTO-Schlaftr_Affe_Kinder-125x125.jpg 125w\" sizes=\"(max-width: 250px) 100vw, 250px\" \/>\n<p>&nbsp;<\/p>\n<p>&nbsp;<\/p>\n<h3><strong>Die Highlights des ALECTO Schlaftrainers im \u00dcberblick:<\/strong><\/h3>\n<ul>\n<li>\u2022 Farbintensit\u00e4t des Nachtlichtes ist einstellbar<br \/>\n\u2022 Oranges Nachtlicht: es ist Zeit aufzustehen<br \/>\n\u2022 Blaues Nachtlicht: es ist Zeit schlafen zu gehen<br \/>\n\u2022 Kann auch als Uhr mit Wecker verwendet werden<\/li>\n<\/ul>\n<p>&nbsp;<\/p>\n<div class=\"atkp-container atkp-grid_3_columns-box  atkp-template-grid_3_columns\">\n            <div class=\"atkp-clearfix atkp-box-3-cols \">\n                            <div class=\"atkp-box atkp-smallbox atkp-box-3-cols-item atkp-clearfix \">\n                    <div class=\"atkp-thumb\">\n                                                    <a href=\"https:\/\/aetka.de\/shop\/smart-home-netzwerk\/haushaltsgeraete\/17385\/alecto-bc100-schlaftrainer-nachtlicht-wecker-neutral-weiss?utm_source=aetka&utm_medium=blog\" rel=\"sponsored nofollow noopener\" target=\"_blank\"  title=\"Jetzt kaufen im aetka Shop\"><img decoding=\"async\" class=\"atkp-image\"\n                                                                                 src=\"https:\/\/aetka.de\/shop\/media\/image\/f6\/06\/a8\/13031eb4-3357-4eda-95ea-55fecf5fe4f5_screenGr9OC6OGqz3iYZk_600x600.jpg\"\n                                                                                 alt=\"ALECTO BC100 - Schlaftrainer, Nachtlicht, Wecker, neutral wei&szlig;\"\/><\/a>\n                                            <\/div>\n                    <div class=\"atkp-content\">\n                                                    <a class=\"atkp-title\" href=\"https:\/\/aetka.de\/shop\/smart-home-netzwerk\/haushaltsgeraete\/17385\/alecto-bc100-schlaftrainer-nachtlicht-wecker-neutral-weiss?utm_source=aetka&utm_medium=blog\" rel=\"sponsored nofollow noopener\" target=\"_blank\"  title=\"Jetzt kaufen im aetka Shop\">ALECTO BC100 - Schlaftrainer, Nachtlicht, Wec<\/a>\n                                                <div class=\"atkp-author\"><\/div>\n                    <\/div>\n                    <div class=\"atkp-bottom\">\n                        <div class=\"atkp-ratingbar\">\n                                                        <div class=\"atkp-primelogo\"><\/div>\n                            <div class=\"atkp-clearfix\"><\/div>\n                        <\/div>\n                                                    <span class=\"atkp-price atkp-saleprice\">\n                                Preis nicht verf&uuml;gbar\n                                                                    <span class=\"atkp_price atkp-baseprice\"><\/span>\n                                                            <\/span>\n                                                                            <a href=\"https:\/\/aetka.de\/shop\/smart-home-netzwerk\/haushaltsgeraete\/17385\/alecto-bc100-schlaftrainer-nachtlicht-wecker-neutral-weiss?utm_source=aetka&utm_medium=blog\" rel=\"sponsored nofollow noopener\" target=\"_blank\"  title=\"Jetzt kaufen im aetka Shop\" class=\"atkp-button\">Zum Angebot<\/a>\n                        \n                        \n                                                    <span class=\"atkp-priceinfo\">Preis inkl. MwSt., zzgl. Versandkosten<\/span>\n                                                                    <\/div>\n                <\/div>\n                            <div class=\"atkp-box atkp-smallbox atkp-box-3-cols-item atkp-clearfix \">\n                    <div class=\"atkp-thumb\">\n                                                    <a href=\"https:\/\/aetka.de\/shop\/smart-home-netzwerk\/haushaltsgeraete\/17387\/alecto-bc110simon-schlaftrainer-nachtlicht-wecker-schnecke?utm_source=aetka&utm_medium=blog\" rel=\"sponsored nofollow noopener\" target=\"_blank\"  title=\"Jetzt kaufen im aetka Shop\"><img decoding=\"async\" class=\"atkp-image\"\n                                                                                 src=\"https:\/\/aetka.de\/shop\/media\/image\/95\/42\/7c\/d09be876-2d8e-4efe-8d8e-5e32e748d1fd_screenGrXaTJ8aQ3ydZs1_600x600.jpg\"\n                                                                                 alt=\"ALECTO BC110Simon - Schlaftrainer,Nachtlicht, Wecker, Schnecke\"\/><\/a>\n                                            <\/div>\n                    <div class=\"atkp-content\">\n                                                    <a class=\"atkp-title\" href=\"https:\/\/aetka.de\/shop\/smart-home-netzwerk\/haushaltsgeraete\/17387\/alecto-bc110simon-schlaftrainer-nachtlicht-wecker-schnecke?utm_source=aetka&utm_medium=blog\" rel=\"sponsored nofollow noopener\" target=\"_blank\"  title=\"Jetzt kaufen im aetka Shop\">ALECTO BC110Simon - Schlaftrainer,Nachtlicht,<\/a>\n                                                <div class=\"atkp-author\"><\/div>\n                    <\/div>\n                    <div class=\"atkp-bottom\">\n                        <div class=\"atkp-ratingbar\">\n                                                        <div class=\"atkp-primelogo\"><\/div>\n                            <div class=\"atkp-clearfix\"><\/div>\n                        <\/div>\n                                                    <span class=\"atkp-price atkp-saleprice\">\n                                Preis nicht verf&uuml;gbar\n                                                                    <span class=\"atkp_price atkp-baseprice\"><\/span>\n                                                            <\/span>\n                                                                            <a href=\"https:\/\/aetka.de\/shop\/smart-home-netzwerk\/haushaltsgeraete\/17387\/alecto-bc110simon-schlaftrainer-nachtlicht-wecker-schnecke?utm_source=aetka&utm_medium=blog\" rel=\"sponsored nofollow noopener\" target=\"_blank\"  title=\"Jetzt kaufen im aetka Shop\" class=\"atkp-button\">Zum Angebot<\/a>\n                        \n                        \n                                                    <span class=\"atkp-priceinfo\">Preis inkl. MwSt., zzgl. Versandkosten<\/span>\n                                                                    <\/div>\n                <\/div>\n                            <div class=\"atkp-box atkp-smallbox atkp-box-3-cols-item atkp-clearfix \">\n                    <div class=\"atkp-thumb\">\n                                                    <a href=\"https:\/\/aetka.de\/shop\/smart-home-netzwerk\/haushaltsgeraete\/17374\/alecto-bc100monkey-schlaftrainer-nachtlicht-wecker-affe?utm_source=aetka&utm_medium=blog\" rel=\"sponsored nofollow noopener\" target=\"_blank\"  title=\"Jetzt kaufen im aetka Shop\"><img decoding=\"async\" class=\"atkp-image\"\n                                                                                 src=\"https:\/\/aetka.de\/shop\/media\/image\/37\/63\/fe\/ca3f6f6b-3667-46e3-9423-0b45a10937ee_screenGr_600x600.jpg\"\n                                                                                 alt=\"ALECTO BC100MONKEY - Schlaftrainer, Nachtlicht, Wecker, Affe\"\/><\/a>\n                                            <\/div>\n                    <div class=\"atkp-content\">\n                                                    <a class=\"atkp-title\" href=\"https:\/\/aetka.de\/shop\/smart-home-netzwerk\/haushaltsgeraete\/17374\/alecto-bc100monkey-schlaftrainer-nachtlicht-wecker-affe?utm_source=aetka&utm_medium=blog\" rel=\"sponsored nofollow noopener\" target=\"_blank\"  title=\"Jetzt kaufen im aetka Shop\">ALECTO BC100MONKEY - Schlaftrainer, Nachtlich<\/a>\n                                                <div class=\"atkp-author\"><\/div>\n                    <\/div>\n                    <div class=\"atkp-bottom\">\n                        <div class=\"atkp-ratingbar\">\n                                                        <div class=\"atkp-primelogo\"><\/div>\n                            <div class=\"atkp-clearfix\"><\/div>\n                        <\/div>\n                                                    <span class=\"atkp-price atkp-saleprice\">\n                                Preis nicht verf&uuml;gbar\n                                                                    <span class=\"atkp_price atkp-baseprice\"><\/span>\n                                                            <\/span>\n                                                                            <a href=\"https:\/\/aetka.de\/shop\/smart-home-netzwerk\/haushaltsgeraete\/17374\/alecto-bc100monkey-schlaftrainer-nachtlicht-wecker-affe?utm_source=aetka&utm_medium=blog\" rel=\"sponsored nofollow noopener\" target=\"_blank\"  title=\"Jetzt kaufen im aetka Shop\" class=\"atkp-button\">Zum Angebot<\/a>\n                        \n                        \n                                                    <span class=\"atkp-priceinfo\">Preis inkl. MwSt., zzgl. Versandkosten<\/span>\n                                                                    <\/div>\n                <\/div>\n                    <\/div>\n                    <span class=\"atkp-disclaimer\">Zuletzt aktualisiert am 11. Dezember 2024 um 8:31 . Wir weisen darauf hin, dass sich hier angezeigte Preise inzwischen ge\u00e4ndert haben k\u00f6nnen. Alle Angaben ohne Gew\u00e4hr.<\/span>\n            <\/div>\n\n<p>&nbsp;<\/p>\n<h2><a href=\"https:\/\/aetka.de\/blog\/?s=xplora+kidswatch\"><strong>Sport, Spiel &amp; Spa\u00df- Xplora Kidswatch X6 Play<\/strong><\/a><\/h2>\n<p>Darf es ein Abenteuer sein? Mit der Xplora Kidswatch X6 Play warten passende Abenteuer auf die Heranwachsenden. Die robuste Kinderuhr im Design von Xplora, verf\u00fcgt \u00fcber ein helles Display mit analoger oder digitaler Displayanzeige und verschiedenen Designs. Damit die Kleinen alles unter Kontrolle haben, zeichnet die Kinderuhr gezielt Aktivit\u00e4ten auf- ganz egal ob beim Fu\u00dfballtraining, Tanzen oder auf dem Spielplatz.<\/p>\n<p>&nbsp;<\/p>\n<img decoding=\"async\" class=\"alignnone size-medium wp-image-10342\" src=\"https:\/\/aetka.de\/blog\/wp-content\/uploads\/2022\/12\/Kinder_2.-Xplora-Kidswatch-300x249.jpg\" alt=\"\" width=\"300\" height=\"249\" srcset=\"https:\/\/aetka.de\/blog\/wp-content\/uploads\/2022\/12\/Kinder_2.-Xplora-Kidswatch-300x249.jpg 300w, https:\/\/aetka.de\/blog\/wp-content\/uploads\/2022\/12\/Kinder_2.-Xplora-Kidswatch-400x332.jpg 400w, https:\/\/aetka.de\/blog\/wp-content\/uploads\/2022\/12\/Kinder_2.-Xplora-Kidswatch.jpg 600w\" sizes=\"(max-width: 300px) 100vw, 300px\" \/>\n<p>Die Kinderuhr sorgt auch f\u00fcr mehr Sicherheit, mit der SOS-Funktion und GPS-Sicherheitszonen, welche von den Eltern einfach und schnell abgerufen werden k\u00f6nnen. Langeweile kommt mit der Kinderuhr auch nicht auf. In dem Activity Universum GoPlay k\u00f6nnen verschiedene Abenteuer aktiv erlebt werden, die die Kids zu mehr Bewegung motivieren. Die Kinderuhr f\u00fcr Jungen, als auch f\u00fcr M\u00e4dchen ist der ideale Partner, um die Kleinen auf Schritt und Tritt zu begleiten.<\/p>\n<p>&nbsp;<\/p>\n<h3><strong>Die Highlights der Xplora Kidswatch X6 Play im \u00dcberblick:<\/strong><\/h3>\n<ul>\n<li>\u2022 Akkulaufzeit von bis zu 72 Stunden<\/li>\n<li>\u2022 Always On Farbdisplay mit verschiedenen Displaydesigns<\/li>\n<li>\u2022 GPS-Ortung und SOS-Funktion mit Sicherheitszonen<\/li>\n<li>\u2022 Schritte, t\u00e4gliche Aktivit\u00e4tsminuten und Schlaftracking<\/li>\n<li>\u2022 App mit Abenteuerspielen und Quizfragen f\u00fcr die ganze Familie<\/li>\n<\/ul>\n<p>&nbsp;<\/p>\n\n<p>&nbsp;<\/p>\n<h2><strong>Unterhaltung pur &#8211; LENCO Karaoke mic.\u00a0<\/strong><\/h2>\n<p>Singt die Sterne vom Himmel mit dem Kinder-Karaoke-Mikrofon BMC-060WH. Mit diesem Mikrofon brauchst Du kein umfangreiches Karaoke-Set, um eine lustige Kinderparty zu organisieren. Dank seiner kompakten Gr\u00f6\u00dfe und des eingebauten wiederaufladbaren Akkus l\u00e4sst sich das Mikrofon leicht mitnehmen. Es kann \u00fcber das mitgelieferte USB-Kabel aufgeladen werden. Streame Deine Lieblingssongs \u00fcber Bluetooth vom Smartphone oder Tablet. Das Mikrofon verf\u00fcgt auch \u00fcber einen Micro SD-Karten-Leser.<\/p>\n<img decoding=\"async\" class=\"alignnone wp-image-11242 size-medium\" src=\"https:\/\/aetka.de\/blog\/wp-content\/uploads\/2023\/11\/LENCO-Karaoke-Mikrofon-1-300x300.jpg\" alt=\"\" width=\"300\" height=\"300\" srcset=\"https:\/\/aetka.de\/blog\/wp-content\/uploads\/2023\/11\/LENCO-Karaoke-Mikrofon-1-300x300.jpg 300w, https:\/\/aetka.de\/blog\/wp-content\/uploads\/2023\/11\/LENCO-Karaoke-Mikrofon-1-1024x1024.jpg 1024w, https:\/\/aetka.de\/blog\/wp-content\/uploads\/2023\/11\/LENCO-Karaoke-Mikrofon-1-140x140.jpg 140w, https:\/\/aetka.de\/blog\/wp-content\/uploads\/2023\/11\/LENCO-Karaoke-Mikrofon-1-768x768.jpg 768w, https:\/\/aetka.de\/blog\/wp-content\/uploads\/2023\/11\/LENCO-Karaoke-Mikrofon-1-1536x1536.jpg 1536w, https:\/\/aetka.de\/blog\/wp-content\/uploads\/2023\/11\/LENCO-Karaoke-Mikrofon-1-800x800.jpg 800w, https:\/\/aetka.de\/blog\/wp-content\/uploads\/2023\/11\/LENCO-Karaoke-Mikrofon-1-400x400.jpg 400w, https:\/\/aetka.de\/blog\/wp-content\/uploads\/2023\/11\/LENCO-Karaoke-Mikrofon-1-125x125.jpg 125w, https:\/\/aetka.de\/blog\/wp-content\/uploads\/2023\/11\/LENCO-Karaoke-Mikrofon-1.jpg 1920w\" sizes=\"(max-width: 300px) 100vw, 300px\" \/>\n<h3><\/h3>\n<h3><strong>Die Highlights des\u00a0 LENCO Karaoke Mikrofons im \u00dcberblick:<\/strong><\/h3>\n<ul>\n<li>\u2022 Bluetooth 5.0<br \/>\n\u2022 Echo, die Lautst\u00e4rke des Mikrofons und der Musik separat einstellbar<br \/>\n\u2022 Ausgangsleistung: 5 Watt (RMS)<br \/>\n\u2022 Integrierter Akku bis zu 8 Stunden<br \/>\n\u2022 Anschluss an jedes HiFi-Ger\u00e4t (Aux-In) als Bluetooth-Adapter und Mikrofon<\/li>\n<\/ul>\n<div class=\"atkp-container atkp-wide-box  atkp-template-wide\">\n                        <div class=\"atkp-box atkp-clearfix \"\n                 style=\"\">\n                <div class=\"atkp-predicateheadline atkp-predicate-highlight\">\n                    <span><\/span><\/div>\n                <div class=\"atkp-thumb\">\n                                            <a href=\"https:\/\/aetka.de\/shop\/tv-audio\/unterhaltungselektronik-zubehoer\/4227\/lenco-karaoke-mic.-mit-bt-usb-sd-beleuchtung-aux-out?utm_source=aetka&utm_medium=blog\" rel=\"sponsored nofollow noopener\" target=\"_blank\"  title=\"Jetzt kaufen im aetka Shop\"><img decoding=\"async\" class=\"atkp-image\"\n                                                                             src=\"https:\/\/aetka.de\/shop\/media\/image\/cb\/e8\/b8\/bb1dee36-1a8b-49ae-8c21-76c096c5e055_screenGr_600x600.jpg\"\n                                                                             alt=\"LENCO Karaoke mic. mit BT, USB, SD, Beleuchtung, Aux out\"\/><\/a>\n                                                                                <\/div>\n                <div class=\"atkp-content\">\n                                            <a class=\"atkp-title\" href=\"https:\/\/aetka.de\/shop\/tv-audio\/unterhaltungselektronik-zubehoer\/4227\/lenco-karaoke-mic.-mit-bt-usb-sd-beleuchtung-aux-out?utm_source=aetka&utm_medium=blog\" rel=\"sponsored nofollow noopener\" target=\"_blank\"  title=\"Jetzt kaufen im aetka Shop\">LENCO Karaoke mic. mit BT, USB, SD, Beleuchtu<\/a>\n                                        <div class=\"atkp-author\"><\/div>\n\n                    <div class=\"atkp-description\"><ul>Singen Sie die Sterne vom Himmel mit dem KinderKaraokeMikrofon BMC060WH. Mit diesem Mikrofon brauchen Sie kein umfangreiches KaraokeSet um eine lustige Kinderparty zu organisieren. Dank seiner kompakten Gr\u00f6\u00dfe und des eingebauten wiederaufladbaren Akkus l\u00e4sst sich das Mikrofon leicht mitnehmen. Es kann \u00fcber das mitgelieferte USBKabel aufgeladen werden. Streamen Sie Ihre Lieblingssongs \u00fcber Bluetooth von Ihrem Smartphone oder Tablet. Das Mikrofon verf\u00fcgt auch \u00fcber einen Micro SDKartenLeser. Mit dem eingebauten Sprachkonverter k\u00f6nnen Sie Ihre Stimme mit drei verschiedenen Effekten verzerren. Das Echo und die Lautst\u00e4rke k\u00f6nnen getrennt voneinander geregelt werden. Zur Vervollst\u00e4ndigung der Vorstellung verf\u00fcgt das Mikrofon \u00fcber LEDL\u00e4mpchen die eine Farbanimation bieten. Vielleicht m\u00f6chten Sie die Musik Ihres Kindes nicht jeden Tag genie\u00dfen. Auch dem haben wir Beachtung geschenkt. Sie k\u00f6nnen \u00fcber den AUXAusgang Kopfh\u00f6rer anschlie\u00dfen. \u00dcber den AUXAusgang k\u00f6nnen Sie des Weiteren ein 35mm Audiokabel verwenden um das Mikrofon an einen externen Lautsprecher oder eine Stereoanlage anzuschlie\u00dfen.<\/ul>\n\n\n                                                    <div class=\"atkp-procontra\">\n                                                                                            <\/div>\n                                            <\/div>\n                <\/div>\n                <div class=\"atkp-bottom\">\n                                            <span class=\"atkp-price atkp-listprice\"><\/span>\n                                                                <span class=\"atkp-price atkp-savedamount\"><\/span>\n                                                                <span class=\"atkp-price atkp-saleprice\">\n                            &nbsp;Preis nicht verf&uuml;gbar\n                                                            <span class=\"atkp_price atkp-baseprice\"><\/span>\n                                                    <\/span>\n                    \n                                            <a href=\"https:\/\/aetka.de\/shop\/tv-audio\/unterhaltungselektronik-zubehoer\/4227\/lenco-karaoke-mic.-mit-bt-usb-sd-beleuchtung-aux-out?utm_source=aetka&utm_medium=blog\" rel=\"sponsored nofollow noopener\" target=\"_blank\"  title=\"Jetzt kaufen im aetka Shop\" class=\"atkp-button\">Zum Angebot<\/a>\n                                                            <div class=\"atkp-container\"><\/div>\n                                            <span class=\"atkp-priceinfo\">Preis inkl. MwSt., zzgl. Versandkosten<\/span>\n                                    <\/div>\n            <\/div>\n                            <span class=\"atkp-disclaimer\">Zuletzt aktualisiert am 1. Dezember 2024 um 8:59 . Wir weisen darauf hin, dass sich hier angezeigte Preise inzwischen ge\u00e4ndert haben k\u00f6nnen. Alle Angaben ohne Gew\u00e4hr.<\/span>\n            <\/div>\n\n<p>&nbsp;<\/p>\n<h2><strong>ALECTO BC-21 Luftbefeuchter und Projektor, wei\u00df<\/strong><\/h2>\n<p>Mit diesem Ger\u00e4t erh\u00f6hst Du den Einschlafkomfort Deines Kindes erheblich. Der Luftbefeuchter sorgt f\u00fcr ein angenehmes Raumklima und verbessert die Luftqualit\u00e4t im Kinderzimmer.<br \/>\nDer integrierte Projektor zaubert einen sch\u00f6nen Sternenhimmel, der Dein Kind ruhig einschlafen l\u00e4sst.<\/p>\n<img decoding=\"async\" class=\"alignnone wp-image-11245 size-bones-thumb-400\" src=\"https:\/\/aetka.de\/blog\/wp-content\/uploads\/2023\/11\/ALECTO-Luftbefeuchter_weiss-400x391.jpg\" alt=\"\" width=\"400\" height=\"391\" srcset=\"https:\/\/aetka.de\/blog\/wp-content\/uploads\/2023\/11\/ALECTO-Luftbefeuchter_weiss-400x391.jpg 400w, https:\/\/aetka.de\/blog\/wp-content\/uploads\/2023\/11\/ALECTO-Luftbefeuchter_weiss-300x294.jpg 300w, https:\/\/aetka.de\/blog\/wp-content\/uploads\/2023\/11\/ALECTO-Luftbefeuchter_weiss-1024x1002.jpg 1024w, https:\/\/aetka.de\/blog\/wp-content\/uploads\/2023\/11\/ALECTO-Luftbefeuchter_weiss-768x752.jpg 768w, https:\/\/aetka.de\/blog\/wp-content\/uploads\/2023\/11\/ALECTO-Luftbefeuchter_weiss-1536x1503.jpg 1536w, https:\/\/aetka.de\/blog\/wp-content\/uploads\/2023\/11\/ALECTO-Luftbefeuchter_weiss-800x783.jpg 800w, https:\/\/aetka.de\/blog\/wp-content\/uploads\/2023\/11\/ALECTO-Luftbefeuchter_weiss.jpg 1920w\" sizes=\"(max-width: 400px) 100vw, 400px\" \/>\n<p>&nbsp;<\/p>\n<h3><strong>Die Highlights des <\/strong><strong>ALECTO BC-21 Luftbefeuchter und Projektor <\/strong><strong>im \u00dcberblick:<\/strong><\/h3>\n<ul>\n<li>\u2022 Integrierte Sternenhimmel-Projektion<\/li>\n<li>\u2022 Ger\u00e4uschlose Ultraschalltechnik<\/li>\n<li>\u2022 K\u00fchler Wasserdampf ist schonend f\u00fcr die Haut<br \/>\n\u2022 Aroma-Diffusor f\u00fcr angenehmen Duft<br \/>\n\u2022 F\u00fcr R\u00e4ume bis zu 20 Quadratmeter geeignet<br \/>\n\u2022 Wassertank reicht f\u00fcr bis zu 8 Stunden<\/li>\n<\/ul>\n<p>&nbsp;<\/p>\n<ul>\n<li><div class=\"atkp-container atkp-wide-box  atkp-template-wide\">\n                        <div class=\"atkp-box atkp-clearfix \"\n                 style=\"\">\n                <div class=\"atkp-predicateheadline atkp-predicate-highlight\">\n                    <span><\/span><\/div>\n                <div class=\"atkp-thumb\">\n                                            <a href=\"https:\/\/aetka.de\/shop\/smart-home-netzwerk\/haushaltsgeraete\/9100\/alecto-bc-21-luftbefeuchter-und-projektor-weiss?utm_source=aetka&utm_medium=blog\" rel=\"sponsored nofollow noopener\" target=\"_blank\"  title=\"Jetzt kaufen im aetka Shop\"><img decoding=\"async\" class=\"atkp-image\"\n                                                                             src=\"https:\/\/aetka.de\/shop\/media\/image\/e7\/89\/59\/61354490-a371-482e-a644-49c9bcacd1fc_screenGr_600x600.jpg\"\n                                                                             alt=\"ALECTO BC-21 Luftbefeuchter und Projektor, wei&szlig;\"\/><\/a>\n                                                                                <\/div>\n                <div class=\"atkp-content\">\n                                            <a class=\"atkp-title\" href=\"https:\/\/aetka.de\/shop\/smart-home-netzwerk\/haushaltsgeraete\/9100\/alecto-bc-21-luftbefeuchter-und-projektor-weiss?utm_source=aetka&utm_medium=blog\" rel=\"sponsored nofollow noopener\" target=\"_blank\"  title=\"Jetzt kaufen im aetka Shop\">ALECTO BC-21 Luftbefeuchter und Projektor, we<\/a>\n                                        <div class=\"atkp-author\"><\/div>\n\n                    <div class=\"atkp-description\"><ul>Mit diesem Ger\u00e4t erh\u00f6hen Sie den Einschlafkomfort Ihres Kindes erheblich. Der Luftbefeuchter sorgt f\u00fcr ein angenehmes Raumklima und verbessert die Luftqualit\u00e4t im Kinderzimmer. Der integrierte Projektor zaubert einen sch\u00f6nen Sternenhimmel der Ihr Kind ruhig einschlafen l\u00e4sst.<\/ul>\n\n\n                                                    <div class=\"atkp-procontra\">\n                                                                                            <\/div>\n                                            <\/div>\n                <\/div>\n                <div class=\"atkp-bottom\">\n                                            <span class=\"atkp-price atkp-listprice\"><\/span>\n                                                                <span class=\"atkp-price atkp-savedamount\"><\/span>\n                                                                <span class=\"atkp-price atkp-saleprice\">\n                            &nbsp;Preis nicht verf&uuml;gbar\n                                                            <span class=\"atkp_price atkp-baseprice\"><\/span>\n                                                    <\/span>\n                    \n                                            <a href=\"https:\/\/aetka.de\/shop\/smart-home-netzwerk\/haushaltsgeraete\/9100\/alecto-bc-21-luftbefeuchter-und-projektor-weiss?utm_source=aetka&utm_medium=blog\" rel=\"sponsored nofollow noopener\" target=\"_blank\"  title=\"Jetzt kaufen im aetka Shop\" class=\"atkp-button\">Zum Angebot<\/a>\n                                                            <div class=\"atkp-container\"><\/div>\n                                            <span class=\"atkp-priceinfo\">Preis inkl. MwSt., zzgl. Versandkosten<\/span>\n                                    <\/div>\n            <\/div>\n                            <span class=\"atkp-disclaimer\">Zuletzt aktualisiert am 20. M\u00e4rz 2025 um 8:50 . Wir weisen darauf hin, dass sich hier angezeigte Preise inzwischen ge\u00e4ndert haben k\u00f6nnen. Alle Angaben ohne Gew\u00e4hr.<\/span>\n            <\/div>\n<\/li>\n<li><\/li>\n<\/ul>\n<p>&nbsp;<\/p>\n<h2><strong>Sound zum anfassen &#8211; Belkin SOUNDFORM\u2122 Mini On-Ear Kopfh\u00f6rer f\u00fcr Kinder<\/strong><\/h2>\n<p>Kinder lieben Musik oder das H\u00f6ren fesselnder H\u00f6rb\u00fccher. Der Belkin Soundform Mini On-Ear Kopfh\u00f6rer macht es m\u00f6glich. Dieser hochwertige kabelgebundene On-Ear-Kopfh\u00f6rer wurde speziell f\u00fcr Kinder entwickelt, sorgt f\u00fcr ein bequemes Tragegef\u00fchl und bietet Schutz vor hoher Lautst\u00e4rke. Er eignet sich hervorragend f\u00fcr Distanzunterricht, f\u00fcr Reisen oder das Streamen von Internetinhalten.<\/p>\n<img decoding=\"async\" class=\"alignnone wp-image-11241 size-bones-thumb-400\" src=\"https:\/\/aetka.de\/blog\/wp-content\/uploads\/2023\/11\/Belkin-Mini-On-Ear-Kopfhoerer-1-400x400.jpg\" alt=\"\" width=\"400\" height=\"400\" srcset=\"https:\/\/aetka.de\/blog\/wp-content\/uploads\/2023\/11\/Belkin-Mini-On-Ear-Kopfhoerer-1-400x400.jpg 400w, https:\/\/aetka.de\/blog\/wp-content\/uploads\/2023\/11\/Belkin-Mini-On-Ear-Kopfhoerer-1-300x300.jpg 300w, https:\/\/aetka.de\/blog\/wp-content\/uploads\/2023\/11\/Belkin-Mini-On-Ear-Kopfhoerer-1-1024x1024.jpg 1024w, https:\/\/aetka.de\/blog\/wp-content\/uploads\/2023\/11\/Belkin-Mini-On-Ear-Kopfhoerer-1-140x140.jpg 140w, https:\/\/aetka.de\/blog\/wp-content\/uploads\/2023\/11\/Belkin-Mini-On-Ear-Kopfhoerer-1-768x768.jpg 768w, https:\/\/aetka.de\/blog\/wp-content\/uploads\/2023\/11\/Belkin-Mini-On-Ear-Kopfhoerer-1-1536x1536.jpg 1536w, https:\/\/aetka.de\/blog\/wp-content\/uploads\/2023\/11\/Belkin-Mini-On-Ear-Kopfhoerer-1-800x800.jpg 800w, https:\/\/aetka.de\/blog\/wp-content\/uploads\/2023\/11\/Belkin-Mini-On-Ear-Kopfhoerer-1-125x125.jpg 125w, https:\/\/aetka.de\/blog\/wp-content\/uploads\/2023\/11\/Belkin-Mini-On-Ear-Kopfhoerer-1.jpg 1920w\" sizes=\"(max-width: 400px) 100vw, 400px\" \/>\n<p>&nbsp;<\/p>\n<p>Der Belkin Soundform Kopfh\u00f6rer ist wegen seiner kleinen Gr\u00f6\u00dfe und Robustheit nicht nur perfekt f\u00fcr Kinder, sondern l\u00e4sst sich auch bequem bedienen und seine Lautst\u00e4rke ist auf maximal auf 85 dB begrenzt, was zu einem Schutz der Ohren bei L\u00e4ngerem h\u00f6ren beitr\u00e4gt. Ein verstellbarer B\u00fcgel und gepolsterte H\u00f6rmuscheln in kleiner Gr\u00f6\u00dfe sorgen f\u00fcr einen guten Sitz bei kleinen Ohren.<\/p>\n<h3><strong>Die Highlights Belkin SOUNDFORM\u2122 Mini On-Ear Kopfh\u00f6rers \u00dcberblick:<\/strong><\/h3>\n<ul>\n<li>\u2022 Standard-3,5-mm-Klinkenstecker<br \/>\n\u2022 Sichere Lautst\u00e4rke f\u00fcr Kinder: Geh\u00f6rschutz durch Lautst\u00e4rkebegrenzung auf 85 dB<br \/>\n\u2022 Mithilfe des in das Kabel integrierten Mikrofons k\u00f6nnen Kinder \u00fcber Ihr Ger\u00e4t mit ihren Eltern, Lehrern und Freunden reden<br \/>\n\u2022 Benutzerfreundliche, in das Kabel integrierte Bedientaste f\u00fcr das Mikrofon zur Ein- und Ausschaltung des Tons bei der Annahme von Gespr\u00e4chen<br \/>\n\u2022 Weicher, verstellbarer Kopfb\u00fcgel und kleinere, gepolsterte H\u00f6rmuscheln sorgen f\u00fcr einen besseren Sitz bei Kindern<\/li>\n<\/ul>\n<p>&nbsp;<\/p>\n<ul>\n<li><div class=\"atkp-container atkp-grid_3_columns-box  atkp-template-grid_3_columns\">\n            <div class=\"atkp-clearfix atkp-box-3-cols \">\n                            <div class=\"atkp-box atkp-smallbox atkp-box-3-cols-item atkp-clearfix \">\n                    <div class=\"atkp-thumb\">\n                                                    <a href=\"https:\/\/aetka.de\/shop\/tv-audio\/kopfhoerer\/11115\/belkin-soundform-mini-kabelgebundene-on-ear-kopfhoerer-pink?utm_source=aetka&utm_medium=blog\" rel=\"sponsored nofollow noopener\" target=\"_blank\"  title=\"Jetzt kaufen im aetka Shop\"><img decoding=\"async\" class=\"atkp-image\"\n                                                                                 src=\"https:\/\/aetka.de\/shop\/media\/image\/47\/3e\/33\/04e526c8-ec84-4cc1-a2d6-42c61587c7f4_screenGr_600x600.jpg\"\n                                                                                 alt=\"Belkin SOUNDFORM&trade; Mini kabelgebundene On-Ear Kopfh&ouml;rer pink\"\/><\/a>\n                                            <\/div>\n                    <div class=\"atkp-content\">\n                                                    <a class=\"atkp-title\" href=\"https:\/\/aetka.de\/shop\/tv-audio\/kopfhoerer\/11115\/belkin-soundform-mini-kabelgebundene-on-ear-kopfhoerer-pink?utm_source=aetka&utm_medium=blog\" rel=\"sponsored nofollow noopener\" target=\"_blank\"  title=\"Jetzt kaufen im aetka Shop\">Belkin SOUNDFORM&trade; Mini kabelgebundene On-Ea<\/a>\n                                                <div class=\"atkp-author\"><\/div>\n                    <\/div>\n                    <div class=\"atkp-bottom\">\n                        <div class=\"atkp-ratingbar\">\n                                                        <div class=\"atkp-primelogo\"><\/div>\n                            <div class=\"atkp-clearfix\"><\/div>\n                        <\/div>\n                                                    <span class=\"atkp-price atkp-saleprice\">\n                                Preis nicht verf&uuml;gbar\n                                                                    <span class=\"atkp_price atkp-baseprice\"><\/span>\n                                                            <\/span>\n                                                                            <a href=\"https:\/\/aetka.de\/shop\/tv-audio\/kopfhoerer\/11115\/belkin-soundform-mini-kabelgebundene-on-ear-kopfhoerer-pink?utm_source=aetka&utm_medium=blog\" rel=\"sponsored nofollow noopener\" target=\"_blank\"  title=\"Jetzt kaufen im aetka Shop\" class=\"atkp-button\">Zum Angebot<\/a>\n                        \n                        \n                                                    <span class=\"atkp-priceinfo\">Preis inkl. MwSt., zzgl. Versandkosten<\/span>\n                                                                    <\/div>\n                <\/div>\n                            <div class=\"atkp-box atkp-smallbox atkp-box-3-cols-item atkp-clearfix \">\n                    <div class=\"atkp-thumb\">\n                                                    <a href=\"https:\/\/aetka.de\/shop\/tv-audio\/kopfhoerer\/11117\/belkin-soundform-mini-kabelgebundene-on-ear-kopfhoerer-blau?utm_source=aetka&utm_medium=blog\" rel=\"sponsored nofollow noopener\" target=\"_blank\"  title=\"Jetzt kaufen im aetka Shop\"><img decoding=\"async\" class=\"atkp-image\"\n                                                                                 src=\"https:\/\/aetka.de\/shop\/media\/image\/e0\/8d\/cb\/c11a1daa-a970-420d-83f7-3e9177256660_screenGr_600x600.jpg\"\n                                                                                 alt=\"Belkin SOUNDFORM&trade; Mini kabelgebundene On-Ear Kopfh&ouml;rer blau\"\/><\/a>\n                                            <\/div>\n                    <div class=\"atkp-content\">\n                                                    <a class=\"atkp-title\" href=\"https:\/\/aetka.de\/shop\/tv-audio\/kopfhoerer\/11117\/belkin-soundform-mini-kabelgebundene-on-ear-kopfhoerer-blau?utm_source=aetka&utm_medium=blog\" rel=\"sponsored nofollow noopener\" target=\"_blank\"  title=\"Jetzt kaufen im aetka Shop\">Belkin SOUNDFORM&trade; Mini kabelgebundene On-Ea<\/a>\n                                                <div class=\"atkp-author\"><\/div>\n                    <\/div>\n                    <div class=\"atkp-bottom\">\n                        <div class=\"atkp-ratingbar\">\n                                                        <div class=\"atkp-primelogo\"><\/div>\n                            <div class=\"atkp-clearfix\"><\/div>\n                        <\/div>\n                                                    <span class=\"atkp-price atkp-saleprice\">\n                                Preis nicht verf&uuml;gbar\n                                                                    <span class=\"atkp_price atkp-baseprice\"><\/span>\n                                                            <\/span>\n                                                                            <a href=\"https:\/\/aetka.de\/shop\/tv-audio\/kopfhoerer\/11117\/belkin-soundform-mini-kabelgebundene-on-ear-kopfhoerer-blau?utm_source=aetka&utm_medium=blog\" rel=\"sponsored nofollow noopener\" target=\"_blank\"  title=\"Jetzt kaufen im aetka Shop\" class=\"atkp-button\">Zum Angebot<\/a>\n                        \n                        \n                                                    <span class=\"atkp-priceinfo\">Preis inkl. MwSt., zzgl. Versandkosten<\/span>\n                                                                    <\/div>\n                <\/div>\n                            <div class=\"atkp-box atkp-smallbox atkp-box-3-cols-item atkp-clearfix \">\n                    <div class=\"atkp-thumb\">\n                                                    <a href=\"https:\/\/aetka.de\/shop\/tv-audio\/kopfhoerer\/11116\/belkin-soundform-mini-kabelgebundene-on-ear-kopfhoerer-schwarz?utm_source=aetka&utm_medium=blog\" rel=\"sponsored nofollow noopener\" target=\"_blank\"  title=\"Jetzt kaufen im aetka Shop\"><img decoding=\"async\" class=\"atkp-image\"\n                                                                                 src=\"https:\/\/aetka.de\/shop\/media\/image\/e8\/1e\/1b\/ad323396-6ce3-4707-bb57-aaf23b26ff3c_screenGr_600x600.jpg\"\n                                                                                 alt=\"Belkin SOUNDFORM&trade; Mini kabelgebundene On-Ear Kopfh&ouml;rer schwarz\"\/><\/a>\n                                            <\/div>\n                    <div class=\"atkp-content\">\n                                                    <a class=\"atkp-title\" href=\"https:\/\/aetka.de\/shop\/tv-audio\/kopfhoerer\/11116\/belkin-soundform-mini-kabelgebundene-on-ear-kopfhoerer-schwarz?utm_source=aetka&utm_medium=blog\" rel=\"sponsored nofollow noopener\" target=\"_blank\"  title=\"Jetzt kaufen im aetka Shop\">Belkin SOUNDFORM&trade; Mini kabelgebundene On-Ea<\/a>\n                                                <div class=\"atkp-author\"><\/div>\n                    <\/div>\n                    <div class=\"atkp-bottom\">\n                        <div class=\"atkp-ratingbar\">\n                                                        <div class=\"atkp-primelogo\"><\/div>\n                            <div class=\"atkp-clearfix\"><\/div>\n                        <\/div>\n                                                    <span class=\"atkp-price atkp-saleprice\">\n                                Preis nicht verf&uuml;gbar\n                                                                    <span class=\"atkp_price atkp-baseprice\"><\/span>\n                                                            <\/span>\n                                                                            <a href=\"https:\/\/aetka.de\/shop\/tv-audio\/kopfhoerer\/11116\/belkin-soundform-mini-kabelgebundene-on-ear-kopfhoerer-schwarz?utm_source=aetka&utm_medium=blog\" rel=\"sponsored nofollow noopener\" target=\"_blank\"  title=\"Jetzt kaufen im aetka Shop\" class=\"atkp-button\">Zum Angebot<\/a>\n                        \n                        \n                                                    <span class=\"atkp-priceinfo\">Preis inkl. MwSt., zzgl. Versandkosten<\/span>\n                                                                    <\/div>\n                <\/div>\n                    <\/div>\n                    <span class=\"atkp-disclaimer\">Zuletzt aktualisiert am 29. Oktober 2025 um 8:50 . Wir weisen darauf hin, dass sich hier angezeigte Preise inzwischen ge\u00e4ndert haben k\u00f6nnen. Alle Angaben ohne Gew\u00e4hr.<\/span>\n            <\/div>\n<\/li>\n<\/ul>\n<p>&nbsp;<\/p>\n","protected":false},"excerpt":{"rendered":"<p>Was schenke ich meinen Kindern zum Geburtstag oder zu Weihnachten? Diese Frage werden sich wohl die meisten Eltern stellen. Was f\u00fcr ein neues Spielzeug soll es denn sein? \u00a0Es sollte schon etwas sein, wo Kinder lange Freude daran haben. Kinder wollen sich ausprobieren, dabei entdecken und lernen und der Spa\u00df darf auch nicht zu kurz&#8230;  <a class=\"excerpt-read-more\" href=\"https:\/\/aetka.de\/blog\/was-schenke-ich-meinen-kindern\/\" title=\"Read Was schenke ich meinen Kindern?\">Weiter &raquo;<\/a><\/p>\n","protected":false},"author":77,"featured_media":10359,"comment_status":"open","ping_status":"open","sticky":false,"template":"","format":"standard","meta":{"_editorskit_title_hidden":false,"_editorskit_reading_time":0,"_editorskit_is_block_options_detached":false,"_editorskit_block_options_position":"{}","footnotes":""},"categories":[1],"tags":[],"class_list":["post-9236","post","type-post","status-publish","format-standard","has-post-thumbnail","hentry","category-allgemein"],"yoast_head":"<!-- This site is optimized with the Yoast SEO plugin v27.3 - https:\/\/yoast.com\/product\/yoast-seo-wordpress\/ -->\n<title>Was schenke ich meinen Kindern? - aetka Blog<\/title>\n<meta name=\"description\" content=\"Was schenke ich meinen Kindern zu Weihnachten. Diese Fragen stellen sich jetzt viele Eltern. Hier gibt es die richtigen Antworten!\" \/>\n<meta name=\"robots\" content=\"index, follow, max-snippet:-1, max-image-preview:large, max-video-preview:-1\" \/>\n<link rel=\"canonical\" href=\"https:\/\/aetka.de\/blog\/was-schenke-ich-meinen-kindern\/\" \/>\n<meta property=\"og:locale\" content=\"de_DE\" \/>\n<meta property=\"og:type\" content=\"article\" \/>\n<meta property=\"og:title\" content=\"Was schenke ich meinen Kindern? - aetka Blog\" \/>\n<meta property=\"og:description\" content=\"Was schenke ich meinen Kindern zu Weihnachten. Diese Fragen stellen sich jetzt viele Eltern. Hier gibt es die richtigen Antworten!\" \/>\n<meta property=\"og:url\" content=\"https:\/\/aetka.de\/blog\/was-schenke-ich-meinen-kindern\/\" \/>\n<meta property=\"og:site_name\" content=\"aetka Blog\" \/>\n<meta property=\"article:publisher\" content=\"https:\/\/www.facebook.com\/aetka.ag\" \/>\n<meta property=\"article:published_time\" content=\"2024-11-21T11:10:03+00:00\" \/>\n<meta property=\"article:modified_time\" content=\"2024-11-21T13:17:51+00:00\" \/>\n<meta property=\"og:image\" content=\"https:\/\/aetka.de\/blog\/wp-content\/uploads\/2022\/12\/aetka-Blog_Weihnachtsgeschenk_kind2.jpg\" \/>\n\t<meta property=\"og:image:width\" content=\"800\" \/>\n\t<meta property=\"og:image:height\" content=\"400\" \/>\n\t<meta property=\"og:image:type\" content=\"image\/jpeg\" \/>\n<meta name=\"author\" content=\"Torsten Wolf\" \/>\n<meta name=\"twitter:card\" content=\"summary_large_image\" \/>\n<meta name=\"twitter:creator\" content=\"@aetka\" \/>\n<meta name=\"twitter:site\" content=\"@aetka\" \/>\n<meta name=\"twitter:label1\" content=\"Verfasst von\" \/>\n\t<meta name=\"twitter:data1\" content=\"Torsten Wolf\" \/>\n\t<meta name=\"twitter:label2\" content=\"Gesch\u00e4tzte Lesezeit\" \/>\n\t<meta name=\"twitter:data2\" content=\"6\u00a0Minuten\" \/>\n<script type=\"application\/ld+json\" class=\"yoast-schema-graph\">{\"@context\":\"https:\\\/\\\/schema.org\",\"@graph\":[{\"@type\":\"Article\",\"@id\":\"https:\\\/\\\/aetka.de\\\/blog\\\/was-schenke-ich-meinen-kindern\\\/#article\",\"isPartOf\":{\"@id\":\"https:\\\/\\\/aetka.de\\\/blog\\\/was-schenke-ich-meinen-kindern\\\/\"},\"author\":{\"name\":\"Torsten Wolf\",\"@id\":\"https:\\\/\\\/aetka.de\\\/blog\\\/#\\\/schema\\\/person\\\/d399301a80a3b026d1d8ec867d5df4da\"},\"headline\":\"Was schenke ich meinen Kindern?\",\"datePublished\":\"2024-11-21T11:10:03+00:00\",\"dateModified\":\"2024-11-21T13:17:51+00:00\",\"mainEntityOfPage\":{\"@id\":\"https:\\\/\\\/aetka.de\\\/blog\\\/was-schenke-ich-meinen-kindern\\\/\"},\"wordCount\":876,\"commentCount\":0,\"image\":{\"@id\":\"https:\\\/\\\/aetka.de\\\/blog\\\/was-schenke-ich-meinen-kindern\\\/#primaryimage\"},\"thumbnailUrl\":\"https:\\\/\\\/aetka.de\\\/blog\\\/wp-content\\\/uploads\\\/2022\\\/12\\\/aetka-Blog_Weihnachtsgeschenk_kind2.jpg\",\"inLanguage\":\"de\",\"potentialAction\":[{\"@type\":\"CommentAction\",\"name\":\"Comment\",\"target\":[\"https:\\\/\\\/aetka.de\\\/blog\\\/was-schenke-ich-meinen-kindern\\\/#respond\"]}]},{\"@type\":\"WebPage\",\"@id\":\"https:\\\/\\\/aetka.de\\\/blog\\\/was-schenke-ich-meinen-kindern\\\/\",\"url\":\"https:\\\/\\\/aetka.de\\\/blog\\\/was-schenke-ich-meinen-kindern\\\/\",\"name\":\"Was schenke ich meinen Kindern? - aetka Blog\",\"isPartOf\":{\"@id\":\"https:\\\/\\\/aetka.de\\\/blog\\\/#website\"},\"primaryImageOfPage\":{\"@id\":\"https:\\\/\\\/aetka.de\\\/blog\\\/was-schenke-ich-meinen-kindern\\\/#primaryimage\"},\"image\":{\"@id\":\"https:\\\/\\\/aetka.de\\\/blog\\\/was-schenke-ich-meinen-kindern\\\/#primaryimage\"},\"thumbnailUrl\":\"https:\\\/\\\/aetka.de\\\/blog\\\/wp-content\\\/uploads\\\/2022\\\/12\\\/aetka-Blog_Weihnachtsgeschenk_kind2.jpg\",\"datePublished\":\"2024-11-21T11:10:03+00:00\",\"dateModified\":\"2024-11-21T13:17:51+00:00\",\"author\":{\"@id\":\"https:\\\/\\\/aetka.de\\\/blog\\\/#\\\/schema\\\/person\\\/d399301a80a3b026d1d8ec867d5df4da\"},\"description\":\"Was schenke ich meinen Kindern zu Weihnachten. Diese Fragen stellen sich jetzt viele Eltern. Hier gibt es die richtigen Antworten!\",\"breadcrumb\":{\"@id\":\"https:\\\/\\\/aetka.de\\\/blog\\\/was-schenke-ich-meinen-kindern\\\/#breadcrumb\"},\"inLanguage\":\"de\",\"potentialAction\":[{\"@type\":\"ReadAction\",\"target\":[\"https:\\\/\\\/aetka.de\\\/blog\\\/was-schenke-ich-meinen-kindern\\\/\"]}]},{\"@type\":\"ImageObject\",\"inLanguage\":\"de\",\"@id\":\"https:\\\/\\\/aetka.de\\\/blog\\\/was-schenke-ich-meinen-kindern\\\/#primaryimage\",\"url\":\"https:\\\/\\\/aetka.de\\\/blog\\\/wp-content\\\/uploads\\\/2022\\\/12\\\/aetka-Blog_Weihnachtsgeschenk_kind2.jpg\",\"contentUrl\":\"https:\\\/\\\/aetka.de\\\/blog\\\/wp-content\\\/uploads\\\/2022\\\/12\\\/aetka-Blog_Weihnachtsgeschenk_kind2.jpg\",\"width\":800,\"height\":400},{\"@type\":\"BreadcrumbList\",\"@id\":\"https:\\\/\\\/aetka.de\\\/blog\\\/was-schenke-ich-meinen-kindern\\\/#breadcrumb\",\"itemListElement\":[{\"@type\":\"ListItem\",\"position\":1,\"name\":\"Startseite\",\"item\":\"https:\\\/\\\/aetka.de\\\/blog\\\/\"},{\"@type\":\"ListItem\",\"position\":2,\"name\":\"Was schenke ich meinen Kindern?\"}]},{\"@type\":\"WebSite\",\"@id\":\"https:\\\/\\\/aetka.de\\\/blog\\\/#website\",\"url\":\"https:\\\/\\\/aetka.de\\\/blog\\\/\",\"name\":\"aetka Blog\",\"description\":\"\",\"potentialAction\":[{\"@type\":\"SearchAction\",\"target\":{\"@type\":\"EntryPoint\",\"urlTemplate\":\"https:\\\/\\\/aetka.de\\\/blog\\\/?s={search_term_string}\"},\"query-input\":{\"@type\":\"PropertyValueSpecification\",\"valueRequired\":true,\"valueName\":\"search_term_string\"}}],\"inLanguage\":\"de\"},{\"@type\":\"Person\",\"@id\":\"https:\\\/\\\/aetka.de\\\/blog\\\/#\\\/schema\\\/person\\\/d399301a80a3b026d1d8ec867d5df4da\",\"name\":\"Torsten Wolf\",\"image\":{\"@type\":\"ImageObject\",\"inLanguage\":\"de\",\"@id\":\"https:\\\/\\\/aetka.de\\\/blog\\\/wp-content\\\/uploads\\\/2020\\\/05\\\/torsten-wolf-profil-96x96.jpg\",\"url\":\"https:\\\/\\\/aetka.de\\\/blog\\\/wp-content\\\/uploads\\\/2020\\\/05\\\/torsten-wolf-profil-96x96.jpg\",\"contentUrl\":\"https:\\\/\\\/aetka.de\\\/blog\\\/wp-content\\\/uploads\\\/2020\\\/05\\\/torsten-wolf-profil-96x96.jpg\",\"caption\":\"Torsten Wolf\"}}]}<\/script>\n<!-- \/ Yoast SEO plugin. -->","yoast_head_json":{"title":"Was schenke ich meinen Kindern? - aetka Blog","description":"Was schenke ich meinen Kindern zu Weihnachten. Diese Fragen stellen sich jetzt viele Eltern. Hier gibt es die richtigen Antworten!","robots":{"index":"index","follow":"follow","max-snippet":"max-snippet:-1","max-image-preview":"max-image-preview:large","max-video-preview":"max-video-preview:-1"},"canonical":"https:\/\/aetka.de\/blog\/was-schenke-ich-meinen-kindern\/","og_locale":"de_DE","og_type":"article","og_title":"Was schenke ich meinen Kindern? - aetka Blog","og_description":"Was schenke ich meinen Kindern zu Weihnachten. Diese Fragen stellen sich jetzt viele Eltern. Hier gibt es die richtigen Antworten!","og_url":"https:\/\/aetka.de\/blog\/was-schenke-ich-meinen-kindern\/","og_site_name":"aetka Blog","article_publisher":"https:\/\/www.facebook.com\/aetka.ag","article_published_time":"2024-11-21T11:10:03+00:00","article_modified_time":"2024-11-21T13:17:51+00:00","og_image":[{"width":800,"height":400,"url":"https:\/\/aetka.de\/blog\/wp-content\/uploads\/2022\/12\/aetka-Blog_Weihnachtsgeschenk_kind2.jpg","type":"image\/jpeg"}],"author":"Torsten Wolf","twitter_card":"summary_large_image","twitter_creator":"@aetka","twitter_site":"@aetka","twitter_misc":{"Verfasst von":"Torsten Wolf","Gesch\u00e4tzte Lesezeit":"6\u00a0Minuten"},"schema":{"@context":"https:\/\/schema.org","@graph":[{"@type":"Article","@id":"https:\/\/aetka.de\/blog\/was-schenke-ich-meinen-kindern\/#article","isPartOf":{"@id":"https:\/\/aetka.de\/blog\/was-schenke-ich-meinen-kindern\/"},"author":{"name":"Torsten Wolf","@id":"https:\/\/aetka.de\/blog\/#\/schema\/person\/d399301a80a3b026d1d8ec867d5df4da"},"headline":"Was schenke ich meinen Kindern?","datePublished":"2024-11-21T11:10:03+00:00","dateModified":"2024-11-21T13:17:51+00:00","mainEntityOfPage":{"@id":"https:\/\/aetka.de\/blog\/was-schenke-ich-meinen-kindern\/"},"wordCount":876,"commentCount":0,"image":{"@id":"https:\/\/aetka.de\/blog\/was-schenke-ich-meinen-kindern\/#primaryimage"},"thumbnailUrl":"https:\/\/aetka.de\/blog\/wp-content\/uploads\/2022\/12\/aetka-Blog_Weihnachtsgeschenk_kind2.jpg","inLanguage":"de","potentialAction":[{"@type":"CommentAction","name":"Comment","target":["https:\/\/aetka.de\/blog\/was-schenke-ich-meinen-kindern\/#respond"]}]},{"@type":"WebPage","@id":"https:\/\/aetka.de\/blog\/was-schenke-ich-meinen-kindern\/","url":"https:\/\/aetka.de\/blog\/was-schenke-ich-meinen-kindern\/","name":"Was schenke ich meinen Kindern? - aetka Blog","isPartOf":{"@id":"https:\/\/aetka.de\/blog\/#website"},"primaryImageOfPage":{"@id":"https:\/\/aetka.de\/blog\/was-schenke-ich-meinen-kindern\/#primaryimage"},"image":{"@id":"https:\/\/aetka.de\/blog\/was-schenke-ich-meinen-kindern\/#primaryimage"},"thumbnailUrl":"https:\/\/aetka.de\/blog\/wp-content\/uploads\/2022\/12\/aetka-Blog_Weihnachtsgeschenk_kind2.jpg","datePublished":"2024-11-21T11:10:03+00:00","dateModified":"2024-11-21T13:17:51+00:00","author":{"@id":"https:\/\/aetka.de\/blog\/#\/schema\/person\/d399301a80a3b026d1d8ec867d5df4da"},"description":"Was schenke ich meinen Kindern zu Weihnachten. Diese Fragen stellen sich jetzt viele Eltern. Hier gibt es die richtigen Antworten!","breadcrumb":{"@id":"https:\/\/aetka.de\/blog\/was-schenke-ich-meinen-kindern\/#breadcrumb"},"inLanguage":"de","potentialAction":[{"@type":"ReadAction","target":["https:\/\/aetka.de\/blog\/was-schenke-ich-meinen-kindern\/"]}]},{"@type":"ImageObject","inLanguage":"de","@id":"https:\/\/aetka.de\/blog\/was-schenke-ich-meinen-kindern\/#primaryimage","url":"https:\/\/aetka.de\/blog\/wp-content\/uploads\/2022\/12\/aetka-Blog_Weihnachtsgeschenk_kind2.jpg","contentUrl":"https:\/\/aetka.de\/blog\/wp-content\/uploads\/2022\/12\/aetka-Blog_Weihnachtsgeschenk_kind2.jpg","width":800,"height":400},{"@type":"BreadcrumbList","@id":"https:\/\/aetka.de\/blog\/was-schenke-ich-meinen-kindern\/#breadcrumb","itemListElement":[{"@type":"ListItem","position":1,"name":"Startseite","item":"https:\/\/aetka.de\/blog\/"},{"@type":"ListItem","position":2,"name":"Was schenke ich meinen Kindern?"}]},{"@type":"WebSite","@id":"https:\/\/aetka.de\/blog\/#website","url":"https:\/\/aetka.de\/blog\/","name":"aetka Blog","description":"","potentialAction":[{"@type":"SearchAction","target":{"@type":"EntryPoint","urlTemplate":"https:\/\/aetka.de\/blog\/?s={search_term_string}"},"query-input":{"@type":"PropertyValueSpecification","valueRequired":true,"valueName":"search_term_string"}}],"inLanguage":"de"},{"@type":"Person","@id":"https:\/\/aetka.de\/blog\/#\/schema\/person\/d399301a80a3b026d1d8ec867d5df4da","name":"Torsten Wolf","image":{"@type":"ImageObject","inLanguage":"de","@id":"https:\/\/aetka.de\/blog\/wp-content\/uploads\/2020\/05\/torsten-wolf-profil-96x96.jpg","url":"https:\/\/aetka.de\/blog\/wp-content\/uploads\/2020\/05\/torsten-wolf-profil-96x96.jpg","contentUrl":"https:\/\/aetka.de\/blog\/wp-content\/uploads\/2020\/05\/torsten-wolf-profil-96x96.jpg","caption":"Torsten Wolf"}}]}},"_links":{"self":[{"href":"https:\/\/aetka.de\/blog\/wp-json\/wp\/v2\/posts\/9236","targetHints":{"allow":["GET"]}}],"collection":[{"href":"https:\/\/aetka.de\/blog\/wp-json\/wp\/v2\/posts"}],"about":[{"href":"https:\/\/aetka.de\/blog\/wp-json\/wp\/v2\/types\/post"}],"author":[{"embeddable":true,"href":"https:\/\/aetka.de\/blog\/wp-json\/wp\/v2\/users\/77"}],"replies":[{"embeddable":true,"href":"https:\/\/aetka.de\/blog\/wp-json\/wp\/v2\/comments?post=9236"}],"version-history":[{"count":29,"href":"https:\/\/aetka.de\/blog\/wp-json\/wp\/v2\/posts\/9236\/revisions"}],"predecessor-version":[{"id":11268,"href":"https:\/\/aetka.de\/blog\/wp-json\/wp\/v2\/posts\/9236\/revisions\/11268"}],"wp:featuredmedia":[{"embeddable":true,"href":"https:\/\/aetka.de\/blog\/wp-json\/wp\/v2\/media\/10359"}],"wp:attachment":[{"href":"https:\/\/aetka.de\/blog\/wp-json\/wp\/v2\/media?parent=9236"}],"wp:term":[{"taxonomy":"category","embeddable":true,"href":"https:\/\/aetka.de\/blog\/wp-json\/wp\/v2\/categories?post=9236"},{"taxonomy":"post_tag","embeddable":true,"href":"https:\/\/aetka.de\/blog\/wp-json\/wp\/v2\/tags?post=9236"}],"curies":[{"name":"wp","href":"https:\/\/api.w.org\/{rel}","templated":true}]}}