{"id":8290,"date":"2022-07-27T14:14:41","date_gmt":"2022-07-27T12:14:41","guid":{"rendered":"https:\/\/aetka.de\/blog\/?p=8290"},"modified":"2022-08-26T09:23:00","modified_gmt":"2022-08-26T07:23:00","slug":"technikratgeber-schulanfang","status":"publish","type":"post","link":"https:\/\/aetka.de\/blog\/technikratgeber-schulanfang\/","title":{"rendered":"Techniktipps f\u00fcr Eltern, Sch\u00fcler und Sch\u00fclerinnen"},"content":{"rendered":"<p><strong>Neuste Technologien und die Digitalisierung gestalten schon lang den Alltag vieler Menschen. Wir nutzen Staubsauger-Roboter, Alexa, die f\u00fcr uns das Licht dimmt, Autos, die von selbst fahren\u2026 Aber nicht nur erwachsene Menschen nutzen Technik, um sich tagt\u00e4gliche Aufgaben zu erleichtern. Auch bei Kindern und angehenden Jugendlichen entfacht das digitale Zeitalter und jene Ger\u00e4te ein besonderes Interesse. Sie wollen sich ausprobieren, sind neugierig und lernen schnell dazu. Aus diesem Grund ist f\u00fcr Kinder eine zeitige Einf\u00fchrung in die digitale und mobile Welt dringender denn je. Somit wird Sensibilit\u00e4t im Umgang mit technischen Ger\u00e4ten erzeugt, eine unumg\u00e4ngliche und notwendige Aufgabe.<\/strong><!--more--><\/p>\n<p>Auch wenn sich manche Eltern noch vor dem Umgang ihrer Kinder mit Technik f\u00fcrchten, ist es an der Zeit, sie als hilfreiche Unterst\u00fctzung zu betrachten. Es gibt eine erhebliche Anzahl an Vorteilen, die digitale Ger\u00e4te f\u00fcr Sch\u00fcler und Sch\u00fclerinnen bereitstellen. Dazu z\u00e4hlen die F\u00f6rderung des Lernspa\u00dfes, der Kreativit\u00e4t und des Interesses an schulischen Aufgaben. Digitale Notizen schonen zudem nicht nur die Umwelt, sondern auch den R\u00fccken der Kinder und Sch\u00fcler. Auch wenn es auf den ersten Blick nicht so scheint, m\u00fcssen die sozialen Kontakte nicht unter der Benutzung von Technik leiden. Mittels WhatsApp oder Skype ist ein schneller Austausch m\u00f6glich und Hausaufgaben werden gemeinsam bew\u00e4ltigt. Nat\u00fcrlich k\u00f6nnen Tablets, Smartphones und Co. auch au\u00dferhalb der schulischen Aktivit\u00e4ten benutzt werden. Musik h\u00f6ren, eigene Videos drehen, malen und zeichnen, gestalten und designen\u2026 &#8211; Die Digitalisierung macht\u2019s m\u00f6glich und vor allem einfach!<\/p>\n<p>Ich m\u00f6chte Dir in diesem Beitrag einige Ger\u00e4te vorstellen, die Sch\u00fcler und Sch\u00fclerinnen beim Lernen unterst\u00fctzen sollen. Ganz egal, ob f\u00fcr kleine Schulanf\u00e4nger, Sch\u00fcler, die nun auf die Oberschule bzw. das Gymnasium gehen werden oder anl\u00e4sslich des bevorstehenden Schuljahreswechsels: Das breite Angebotsspektrum bietet universelle Optionen.<\/p>\n<h2>Samsung Galaxy Tab S6 Lite \u2013 Smarter Begleiter f\u00fcr die Schule<\/h2>\n<p>Mit dem Galaxy Tab S6 Lite hat Samsung ein solides Tablet aus dem mittleren Preissegment im Angebot. Obwohl es bereits einige Zeit auf dem Markt ist, bietet es nicht nur dank dem zugeh\u00f6rigen S-Pen einen gro\u00dfen Anwendungsbereich. Ein gro\u00dfer Akku mit \u00fcber 7.000 mAh Kapazit\u00e4t sorgt f\u00fcr ausreichend Ausdauer im allt\u00e4glichen Einsatz \u2013 gerade im Schulumfeld oft von gro\u00dfem Vorteil. Ein hochwertiges Geh\u00e4use, ein 10,4 Zoll gro\u00dfes Display und der standardm\u00e4\u00dfige USB-C Anschluss runden die Ausstattung ab. Das Tab S6 Lite kannst Du \u00fcber eine zus\u00e4tzliche Micro SD-Karte auf bis zu ein Terrabyte Speicher erweitern.<\/p>\n<p><strong>Mehr Infos zum Produkt bekommst Du hier:<\/strong> <a href=\"https:\/\/aetka.de\/blog\/samsung-galaxy-tab-s6-lite\/\" target=\"_blank\" rel=\"noopener\">Samsung Galaxy Tab S6 Lite<\/a><\/p>\n<img decoding=\"async\" class=\"alignnone wp-image-6253 size-full\" src=\"https:\/\/aetka.de\/blog\/wp-content\/uploads\/2020\/08\/tab-s6-lite-dokumente-unterzeichnen-1.jpg\" alt=\"Schreiben und Unterzeichnen von Dokumenten auf dem Tablet\" width=\"700\" height=\"560\" srcset=\"https:\/\/aetka.de\/blog\/wp-content\/uploads\/2020\/08\/tab-s6-lite-dokumente-unterzeichnen-1.jpg 700w, https:\/\/aetka.de\/blog\/wp-content\/uploads\/2020\/08\/tab-s6-lite-dokumente-unterzeichnen-1-300x240.jpg 300w, https:\/\/aetka.de\/blog\/wp-content\/uploads\/2020\/08\/tab-s6-lite-dokumente-unterzeichnen-1-400x320.jpg 400w\" sizes=\"(max-width: 700px) 100vw, 700px\" \/>\n<p>&nbsp;<\/p>\n<div class=\"atkp-container atkp-grid_2_columns-box  atkp-template-grid_2_columns\">\n            <div class=\"atkp-clearfix atkp-box-2-cols \">\n                            <div class=\"atkp-box atkp-smallbox atkp-box-2-cols-item atkp-clearfix \">\n                    <div class=\"atkp-thumb\">\n                                                    <a href=\"https:\/\/aetka.de\/shop\/computer-tablets\/tablet\/681\/samsung-p613n-galaxy-tab-s6-lite-wi-fi-128-gb-oxford-gray?utm_source=aetka&utm_medium=blog\" rel=\"sponsored nofollow noopener\" target=\"_blank\"  title=\"Jetzt kaufen im aetka Shop\"><img decoding=\"async\" class=\"atkp-image\"\n                                                                                 src=\"https:\/\/aetka.de\/shop\/media\/image\/e3\/fe\/07\/d8690102-c684-4b9e-9d75-4aeec4099680_screenGr7l7ONrrzFJdbr_600x600.jpg\"\n                                                                                 alt=\"Samsung P613N Galaxy Tab S6 Lite Wi-Fi 128 GB (Oxford Gray)\"\/><\/a>\n                                            <\/div>\n                    <div class=\"atkp-content\">\n                                                    <a class=\"atkp-title\" href=\"https:\/\/aetka.de\/shop\/computer-tablets\/tablet\/681\/samsung-p613n-galaxy-tab-s6-lite-wi-fi-128-gb-oxford-gray?utm_source=aetka&utm_medium=blog\" rel=\"sponsored nofollow noopener\" target=\"_blank\"  title=\"Jetzt kaufen im aetka Shop\">Samsung P613N Galaxy Tab S6 Lite Wi-Fi 128 GB<\/a>\n                                                <div class=\"atkp-author\"><\/div>\n                    <\/div>\n                    <div class=\"atkp-bottom\">\n                        <div class=\"atkp-ratingbar\">\n                                                        <div class=\"atkp-primelogo\"><\/div>\n                            <div class=\"atkp-clearfix\"><\/div>\n                        <\/div>\n                                                    <span class=\"atkp-price atkp-saleprice\">\n                                Preis nicht verf&uuml;gbar\n                                                                    <span class=\"atkp_price atkp-baseprice\"><\/span>\n                                                            <\/span>\n                                                                            <a href=\"https:\/\/aetka.de\/shop\/computer-tablets\/tablet\/681\/samsung-p613n-galaxy-tab-s6-lite-wi-fi-128-gb-oxford-gray?utm_source=aetka&utm_medium=blog\" rel=\"sponsored nofollow noopener\" target=\"_blank\"  title=\"Jetzt kaufen im aetka Shop\" class=\"atkp-button\">Zum Angebot<\/a>\n                        \n                        \n                                                    <span class=\"atkp-priceinfo\">Preis inkl. MwSt., zzgl. Versandkosten<\/span>\n                                                                    <\/div>\n                <\/div>\n                    <\/div>\n                    <span class=\"atkp-disclaimer\">Zuletzt aktualisiert am 26. Februar 2024 um 8:59 . Wir weisen darauf hin, dass sich hier angezeigte Preise inzwischen ge\u00e4ndert haben k\u00f6nnen. Alle Angaben ohne Gew\u00e4hr.<\/span>\n            <\/div>\n<p>&nbsp;<\/p>\n<h2>Samsung Galaxy Tab A8 \u2013 Deine Chance, digital zu werden<\/h2>\n<p>Das Samsung Galaxy Tab A8 bietet viel Inhalt und Leistung zu einem angenehmen Preis. Besonders an dem Ger\u00e4t ist sein Surround Sound System mit vier verbauten Lausprechern. Deshalb eignet es sich sehr gut f\u00fcr H\u00f6rspiele oder Filme und mittels Klinkenstecker, kann der 3D Sound ebenfalls mit Kopfh\u00f6rern genossen werden. Eine vorhandene Gesichtserkennung und kleines Gewicht bef\u00fcrworten die Nutzung. Mithilfe des entsprechenden Ladekabels, verf\u00fcgt das Tablet \u00fcber eine Schnellladefunktion \u2013 hilfreich bei intensiver Verwendung f\u00fcr Schulaufgaben. Wer das Tablet auch f\u00fcr Spiele benutzen m\u00f6chte, kann neben den standardm\u00e4\u00dfigen 32 GB ebenfalls wie beim Samsung Galaxy Tab S6 mit einer zus\u00e4tzlichen Micro SD-Karte den Speicher vergr\u00f6\u00dfern.<\/p>\n<p><strong>Mehr Infos zum Produkt bekommst Du hier:<\/strong> <a href=\"https:\/\/aetka.de\/blog\/samsung-galaxy-tab-a8\/\" target=\"_blank\" rel=\"noopener\">Samsung Galaxy Tab A8<\/a><\/p>\n<img decoding=\"async\" class=\"alignnone wp-image-7993 size-full\" src=\"https:\/\/aetka.de\/blog\/wp-content\/uploads\/2022\/01\/galaxy-tab-a8-impression.jpg\" alt=\"Galaxy Tab A8 Impression\" width=\"700\" height=\"551\" srcset=\"https:\/\/aetka.de\/blog\/wp-content\/uploads\/2022\/01\/galaxy-tab-a8-impression.jpg 700w, https:\/\/aetka.de\/blog\/wp-content\/uploads\/2022\/01\/galaxy-tab-a8-impression-300x236.jpg 300w, https:\/\/aetka.de\/blog\/wp-content\/uploads\/2022\/01\/galaxy-tab-a8-impression-400x315.jpg 400w\" sizes=\"(max-width: 700px) 100vw, 700px\" \/>\n<p>&nbsp;<\/p>\n<div class=\"atkp-container atkp-grid_3_columns-box  atkp-template-grid_3_columns\">\n            <div class=\"atkp-clearfix atkp-box-3-cols \">\n                            <div class=\"atkp-box atkp-smallbox atkp-box-3-cols-item atkp-clearfix \">\n                    <div class=\"atkp-thumb\">\n                                                    <a href=\"https:\/\/aetka.de\/shop\/computer-tablets\/tablet\/634\/samsung-x200n-galaxy-tab-a8-10-5-wi-fi-32-gb-pink-gold?utm_source=aetka&utm_medium=blog\" rel=\"sponsored nofollow noopener\" target=\"_blank\"  title=\"Jetzt kaufen im aetka Shop\"><img decoding=\"async\" class=\"atkp-image\"\n                                                                                 src=\"https:\/\/aetka.de\/shop\/media\/image\/43\/bd\/6a\/c070e98d-1216-4b8c-a680-645ef4c3eed7_screenGr_600x600.jpg\"\n                                                                                 alt=\"Samsung X200N Galaxy Tab A8 10,5&#039;&#039; Wi-Fi 32 GB (Pink Gold)\"\/><\/a>\n                                            <\/div>\n                    <div class=\"atkp-content\">\n                                                    <a class=\"atkp-title\" href=\"https:\/\/aetka.de\/shop\/computer-tablets\/tablet\/634\/samsung-x200n-galaxy-tab-a8-10-5-wi-fi-32-gb-pink-gold?utm_source=aetka&utm_medium=blog\" rel=\"sponsored nofollow noopener\" target=\"_blank\"  title=\"Jetzt kaufen im aetka Shop\">Samsung X200N Galaxy Tab A8 10,5&#039;&#039; Wi-Fi 32 G<\/a>\n                                                <div class=\"atkp-author\"><\/div>\n                    <\/div>\n                    <div class=\"atkp-bottom\">\n                        <div class=\"atkp-ratingbar\">\n                                                        <div class=\"atkp-primelogo\"><\/div>\n                            <div class=\"atkp-clearfix\"><\/div>\n                        <\/div>\n                                                    <span class=\"atkp-price atkp-saleprice\">\n                                Preis nicht verf&uuml;gbar\n                                                                    <span class=\"atkp_price atkp-baseprice\"><\/span>\n                                                            <\/span>\n                                                                            <a href=\"https:\/\/aetka.de\/shop\/computer-tablets\/tablet\/634\/samsung-x200n-galaxy-tab-a8-10-5-wi-fi-32-gb-pink-gold?utm_source=aetka&utm_medium=blog\" rel=\"sponsored nofollow noopener\" target=\"_blank\"  title=\"Jetzt kaufen im aetka Shop\" class=\"atkp-button\">Zum Angebot<\/a>\n                        \n                        \n                                                    <span class=\"atkp-priceinfo\">Preis inkl. MwSt., zzgl. Versandkosten<\/span>\n                                                                    <\/div>\n                <\/div>\n                            <div class=\"atkp-box atkp-smallbox atkp-box-3-cols-item atkp-clearfix \">\n                    <div class=\"atkp-thumb\">\n                                                    <a href=\"https:\/\/aetka.de\/shop\/computer-tablets\/tablet\/631\/samsung-x200n-galaxy-tab-a8-10-5-wi-fi-32-gb-grey?utm_source=aetka&utm_medium=blog\" rel=\"sponsored nofollow noopener\" target=\"_blank\"  title=\"Jetzt kaufen im aetka Shop\"><img decoding=\"async\" class=\"atkp-image\"\n                                                                                 src=\"https:\/\/aetka.de\/shop\/media\/image\/38\/fd\/10\/6dc5aaf2-7a36-471c-8d0d-e68627235d31_screenGr2aSqE6546VcVp_600x600.jpg\"\n                                                                                 alt=\"Samsung X200N Galaxy Tab A8 10,5&#039;&#039; Wi-Fi 32 GB (Grey)\"\/><\/a>\n                                            <\/div>\n                    <div class=\"atkp-content\">\n                                                    <a class=\"atkp-title\" href=\"https:\/\/aetka.de\/shop\/computer-tablets\/tablet\/631\/samsung-x200n-galaxy-tab-a8-10-5-wi-fi-32-gb-grey?utm_source=aetka&utm_medium=blog\" rel=\"sponsored nofollow noopener\" target=\"_blank\"  title=\"Jetzt kaufen im aetka Shop\">Samsung X200N Galaxy Tab A8 10,5&#039;&#039; Wi-Fi 32 G<\/a>\n                                                <div class=\"atkp-author\"><\/div>\n                    <\/div>\n                    <div class=\"atkp-bottom\">\n                        <div class=\"atkp-ratingbar\">\n                                                        <div class=\"atkp-primelogo\"><\/div>\n                            <div class=\"atkp-clearfix\"><\/div>\n                        <\/div>\n                                                    <span class=\"atkp-price atkp-saleprice\">\n                                Preis nicht verf&uuml;gbar\n                                                                    <span class=\"atkp_price atkp-baseprice\"><\/span>\n                                                            <\/span>\n                                                                            <a href=\"https:\/\/aetka.de\/shop\/computer-tablets\/tablet\/631\/samsung-x200n-galaxy-tab-a8-10-5-wi-fi-32-gb-grey?utm_source=aetka&utm_medium=blog\" rel=\"sponsored nofollow noopener\" target=\"_blank\"  title=\"Jetzt kaufen im aetka Shop\" class=\"atkp-button\">Zum Angebot<\/a>\n                        \n                        \n                                                    <span class=\"atkp-priceinfo\">Preis inkl. MwSt., zzgl. Versandkosten<\/span>\n                                                                    <\/div>\n                <\/div>\n                            <div class=\"atkp-box atkp-smallbox atkp-box-3-cols-item atkp-clearfix \">\n                    <div class=\"atkp-thumb\">\n                                                    <a href=\"https:\/\/aetka.de\/shop\/computer-tablets\/tablet\/630\/samsung-x200n-galaxy-tab-a8-10-5-wi-fi-32-gb-silver?utm_source=aetka&utm_medium=blog\" rel=\"sponsored nofollow noopener\" target=\"_blank\"  title=\"Jetzt kaufen im aetka Shop\"><img decoding=\"async\" class=\"atkp-image\"\n                                                                                 src=\"https:\/\/aetka.de\/shop\/media\/image\/c7\/cd\/7f\/689424af-2917-45c0-bb83-ca9bbe2a2863_screenGr_600x600.jpg\"\n                                                                                 alt=\"Samsung X200N Galaxy Tab A8 10,5&#039;&#039; Wi-Fi 32 GB (Silver)\"\/><\/a>\n                                            <\/div>\n                    <div class=\"atkp-content\">\n                                                    <a class=\"atkp-title\" href=\"https:\/\/aetka.de\/shop\/computer-tablets\/tablet\/630\/samsung-x200n-galaxy-tab-a8-10-5-wi-fi-32-gb-silver?utm_source=aetka&utm_medium=blog\" rel=\"sponsored nofollow noopener\" target=\"_blank\"  title=\"Jetzt kaufen im aetka Shop\">Samsung X200N Galaxy Tab A8 10,5&#039;&#039; Wi-Fi 32 G<\/a>\n                                                <div class=\"atkp-author\"><\/div>\n                    <\/div>\n                    <div class=\"atkp-bottom\">\n                        <div class=\"atkp-ratingbar\">\n                                                        <div class=\"atkp-primelogo\"><\/div>\n                            <div class=\"atkp-clearfix\"><\/div>\n                        <\/div>\n                                                    <span class=\"atkp-price atkp-saleprice\">\n                                Preis nicht verf&uuml;gbar\n                                                                    <span class=\"atkp_price atkp-baseprice\"><\/span>\n                                                            <\/span>\n                                                                            <a href=\"https:\/\/aetka.de\/shop\/computer-tablets\/tablet\/630\/samsung-x200n-galaxy-tab-a8-10-5-wi-fi-32-gb-silver?utm_source=aetka&utm_medium=blog\" rel=\"sponsored nofollow noopener\" target=\"_blank\"  title=\"Jetzt kaufen im aetka Shop\" class=\"atkp-button\">Zum Angebot<\/a>\n                        \n                        \n                                                    <span class=\"atkp-priceinfo\">Preis inkl. MwSt., zzgl. Versandkosten<\/span>\n                                                                    <\/div>\n                <\/div>\n                    <\/div>\n                    <span class=\"atkp-disclaimer\">Zuletzt aktualisiert am 4. Oktober 2025 um 8:39 . Wir weisen darauf hin, dass sich hier angezeigte Preise inzwischen ge\u00e4ndert haben k\u00f6nnen. Alle Angaben ohne Gew\u00e4hr.<\/span>\n            <\/div>\n\n<p>&nbsp;<\/p>\n<h2>Pedea Rucksack \u201eFirst One\u201c \u2013 Schafft Entlastung und Ordnung f\u00fcr Dich<\/h2>\n<p>F\u00fcr Schul-, Uni- oder Arbeitsmaterialien ben\u00f6tigt es die richtige Schutz- und Transportfunktion. Der Rucksack \u201eFirst One\u201c von Pedea beweist sich hierbei als die perfekte Wahl. Das Hauptfach bietet Platz f\u00fcr einen Laptop bis zu 17.3\u201c und f\u00fcr ein Tablet bis 10.1\u201c. Zus\u00e4tzlich gibt es eine gro\u00dfe Anzahl an Nebenf\u00e4chern f\u00fcr Headset, Trinkflasche, Ladekabel\u2026 Der gro\u00dfe Stauraum erm\u00f6glicht es, die Schul- und Arbeitsutensilien immer dabei zu haben und besonders empfindliche Ger\u00e4te optimal zu sch\u00fctzen. Daf\u00fcr sorgen ebenfalls das wasserabweisende Material und eine widerstandsf\u00e4hige Polsterung. Auch die Schulterriemen sind gepolstert und dank der L\u00e4ngenverstellbarkeit ebenso f\u00fcr Tage geeignet, an denen mehr Ausstattung ben\u00f6tigt wird als sonst. Der Rucksack eignet sich genauso hervorragend f\u00fcr Freizeitaktivit\u00e4ten.<\/p>\n<p>&nbsp;<\/p>\n<div class=\"atkp-container atkp-secondwide-box  atkp-template-secondwide\">\n                        <div class=\"atkp-box atkp-secondbox atkp-clearfix \"\n                 style=\"\">\n                <div class=\"atkp-predicateheadline atkp-predicate-highlight\">\n                    <span><\/span><\/div>\n                                    <a class=\"atkp-title\" href=\"https:\/\/aetka.de\/shop\/computer-tablets\/computer-zubehoer\/laptop-taschen\/5857\/pedea-rucksack-first-one-17-3-zoll-43-9cm-schwarz\/blau?utm_source=aetka&utm_medium=blog\" rel=\"sponsored nofollow noopener\" target=\"_blank\"  title=\"Jetzt kaufen im aetka Shop\">PEDEA Rucksack &quot;First One&quot; 17,3 Zoll (43,9cm)<\/a>\n                \n                <div class=\"atkp-thumb\">\n                                            <a href=\"https:\/\/aetka.de\/shop\/computer-tablets\/computer-zubehoer\/laptop-taschen\/5857\/pedea-rucksack-first-one-17-3-zoll-43-9cm-schwarz\/blau?utm_source=aetka&utm_medium=blog\" rel=\"sponsored nofollow noopener\" target=\"_blank\"  title=\"Jetzt kaufen im aetka Shop\"><img decoding=\"async\" class=\"atkp-image\"\n                                                                             src=\"https:\/\/aetka.de\/shop\/media\/image\/15\/14\/01\/7b7917ce-30e9-425c-b355-484f2349eab2_screenGrUNOGOxJCguGHy_600x600.jpg\"\n                                                                             alt=\"PEDEA Rucksack &quot;First One&quot; 17,3 Zoll (43,9cm), schwarz\/blau\"\/><\/a>\n                                    <\/div>\n                <div class=\"atkp-bottom\">\n                                            <span class=\"atkp-price atkp-saleprice\">\n                            &nbsp;Preis nicht verf&uuml;gbar\n                                                            <span class=\"atkp_price atkp-baseprice\"><\/span>\n                                                    <\/span>\n                    \n\n                        \n                                            <a href=\"https:\/\/aetka.de\/shop\/computer-tablets\/computer-zubehoer\/laptop-taschen\/5857\/pedea-rucksack-first-one-17-3-zoll-43-9cm-schwarz\/blau?utm_source=aetka&utm_medium=blog\" rel=\"sponsored nofollow noopener\" target=\"_blank\"  title=\"Jetzt kaufen im aetka Shop\" class=\"atkp-button\">Zum Angebot<\/a>\n                                                            <div class=\"atkp-container\"><\/div>\n                    <span class=\"atkp-priceinfo\">Preis inkl. MwSt., zzgl. Versandkosten<\/span>\n                                    <\/div>\n            <\/div>\n                            <span class=\"atkp-disclaimer\">Zuletzt aktualisiert am 6. M\u00e4rz 2026 um 8:39 . Wir weisen darauf hin, dass sich hier angezeigte Preise inzwischen ge\u00e4ndert haben k\u00f6nnen. Alle Angaben ohne Gew\u00e4hr.<\/span>\n            <\/div>\n\n<p>&nbsp;<\/p>\n<h2>Lenco Kids Bluetooth Kopfh\u00f6rer mit Stickern \u2013 Kinder und Eltern sorgenfrei<\/h2>\n<p>Mit den farbenfrohen Kids Kopfh\u00f6rern von Lenco tauchen Kinder in ihre gew\u00fcnschte Klangwelt ein. Dank der kabellosen Verbindung und einer Laufzeit von bis zu 20 h, k\u00f6nnen diese On-Ear Kopfh\u00f6rer sorgenfrei benutzt werden. Ein zus\u00e4tzliches Audiokabel gestattet dennoch eine normale Nutzung. Die Lautst\u00e4rkebegrenzung von 85 db gew\u00e4hrleistet den Schutz der jungen Ohren und erm\u00f6glicht somit auch den Eltern Sorglosigkeit. Mittels Faltfunktion k\u00f6nnen die Kopfh\u00f6rer gut transportiert werden. F\u00fcr noch mehr Freude und Design sorgen die beigef\u00fcgten Sticker.<\/p>\n<img decoding=\"async\" class=\"alignnone wp-image-8298 size-full\" src=\"https:\/\/aetka.de\/blog\/wp-content\/uploads\/2022\/07\/lenco-kopfhoerer-kids.jpg\" alt=\"Lenco Kopfh\u00f6rer f\u00fcr Kinder\" width=\"700\" height=\"467\" srcset=\"https:\/\/aetka.de\/blog\/wp-content\/uploads\/2022\/07\/lenco-kopfhoerer-kids.jpg 700w, https:\/\/aetka.de\/blog\/wp-content\/uploads\/2022\/07\/lenco-kopfhoerer-kids-300x200.jpg 300w, https:\/\/aetka.de\/blog\/wp-content\/uploads\/2022\/07\/lenco-kopfhoerer-kids-400x267.jpg 400w\" sizes=\"(max-width: 700px) 100vw, 700px\" \/>\n<p>&nbsp;<\/p>\n<div class=\"atkp-container atkp-grid_2_columns-box  atkp-template-grid_2_columns\">\n            <div class=\"atkp-clearfix atkp-box-2-cols \">\n                            <div class=\"atkp-box atkp-smallbox atkp-box-2-cols-item atkp-clearfix \">\n                    <div class=\"atkp-thumb\">\n                                                    <a href=\"https:\/\/aetka.de\/shop\/tv-audio\/kopfhoerer\/3959\/lenco-kids-bt-kopfhoerer-mit-stickern-blau?utm_source=aetka&utm_medium=blog\" rel=\"sponsored nofollow noopener\" target=\"_blank\"  title=\"Jetzt kaufen im aetka Shop\"><img decoding=\"async\" class=\"atkp-image\"\n                                                                                 src=\"https:\/\/aetka.de\/shop\/media\/image\/f9\/43\/3a\/c2fe6d4c-afce-4138-aea8-dca77e13e39c_screenGr4ZkZjY459zftC_600x600.jpg\"\n                                                                                 alt=\"LENCO Kids BT Kopfh&ouml;rer mit Stickern, blau\"\/><\/a>\n                                            <\/div>\n                    <div class=\"atkp-content\">\n                                                    <a class=\"atkp-title\" href=\"https:\/\/aetka.de\/shop\/tv-audio\/kopfhoerer\/3959\/lenco-kids-bt-kopfhoerer-mit-stickern-blau?utm_source=aetka&utm_medium=blog\" rel=\"sponsored nofollow noopener\" target=\"_blank\"  title=\"Jetzt kaufen im aetka Shop\">LENCO Kids BT Kopfh&ouml;rer mit Stickern, blau<\/a>\n                                                <div class=\"atkp-author\"><\/div>\n                    <\/div>\n                    <div class=\"atkp-bottom\">\n                        <div class=\"atkp-ratingbar\">\n                                                        <div class=\"atkp-primelogo\"><\/div>\n                            <div class=\"atkp-clearfix\"><\/div>\n                        <\/div>\n                                                    <span class=\"atkp-price atkp-saleprice\">\n                                Preis nicht verf&uuml;gbar\n                                                                    <span class=\"atkp_price atkp-baseprice\"><\/span>\n                                                            <\/span>\n                                                                            <a href=\"https:\/\/aetka.de\/shop\/tv-audio\/kopfhoerer\/3959\/lenco-kids-bt-kopfhoerer-mit-stickern-blau?utm_source=aetka&utm_medium=blog\" rel=\"sponsored nofollow noopener\" target=\"_blank\"  title=\"Jetzt kaufen im aetka Shop\" class=\"atkp-button\">Zum Angebot<\/a>\n                        \n                        \n                                                    <span class=\"atkp-priceinfo\">Preis inkl. MwSt., zzgl. Versandkosten<\/span>\n                                                                    <\/div>\n                <\/div>\n                            <div class=\"atkp-box atkp-smallbox atkp-box-2-cols-item atkp-clearfix \">\n                    <div class=\"atkp-thumb\">\n                                                    <a href=\"https:\/\/aetka.de\/shop\/tv-audio\/kopfhoerer\/3958\/lenco-kids-bt-kopfhoerer-mit-stickern-rosa?utm_source=aetka&utm_medium=blog\" rel=\"sponsored nofollow noopener\" target=\"_blank\"  title=\"Jetzt kaufen im aetka Shop\"><img decoding=\"async\" class=\"atkp-image\"\n                                                                                 src=\"https:\/\/aetka.de\/shop\/media\/image\/b6\/fd\/e3\/cf34b117-fe03-4519-9879-e5869ec6c771_screenGrGyxZ4oQknfZKM_600x600.jpg\"\n                                                                                 alt=\"LENCO Kids BT Kopfh&ouml;rer mit Stickern, rosa\"\/><\/a>\n                                            <\/div>\n                    <div class=\"atkp-content\">\n                                                    <a class=\"atkp-title\" href=\"https:\/\/aetka.de\/shop\/tv-audio\/kopfhoerer\/3958\/lenco-kids-bt-kopfhoerer-mit-stickern-rosa?utm_source=aetka&utm_medium=blog\" rel=\"sponsored nofollow noopener\" target=\"_blank\"  title=\"Jetzt kaufen im aetka Shop\">LENCO Kids BT Kopfh&ouml;rer mit Stickern, rosa<\/a>\n                                                <div class=\"atkp-author\"><\/div>\n                    <\/div>\n                    <div class=\"atkp-bottom\">\n                        <div class=\"atkp-ratingbar\">\n                                                        <div class=\"atkp-primelogo\"><\/div>\n                            <div class=\"atkp-clearfix\"><\/div>\n                        <\/div>\n                                                    <span class=\"atkp-price atkp-saleprice\">\n                                Preis: &euro; 26,99\n                                                                    <span class=\"atkp_price atkp-baseprice\"><\/span>\n                                                            <\/span>\n                                                                            <a href=\"https:\/\/aetka.de\/shop\/tv-audio\/kopfhoerer\/3958\/lenco-kids-bt-kopfhoerer-mit-stickern-rosa?utm_source=aetka&utm_medium=blog\" rel=\"sponsored nofollow noopener\" target=\"_blank\"  title=\"Jetzt kaufen im aetka Shop\" class=\"atkp-button\">Zum Angebot<\/a>\n                        \n                        \n                                                    <span class=\"atkp-priceinfo\">Preis inkl. MwSt., zzgl. Versandkosten<\/span>\n                                                                    <\/div>\n                <\/div>\n                    <\/div>\n                    <span class=\"atkp-disclaimer\">Zuletzt aktualisiert am 29. Oktober 2025 um 8:50 . Wir weisen darauf hin, dass sich hier angezeigte Preise inzwischen ge\u00e4ndert haben k\u00f6nnen. Alle Angaben ohne Gew\u00e4hr.<\/span>\n            <\/div>\n<p>&nbsp;<\/p>\n<h2>Bea-fon TAB-Pro TL20 \u2013 F\u00fcr Dich startklar und individuell<\/h2>\n<p>Das Tablet von Beafon bietet eine individuelle und einfache Handhabung. Die Hauptkamera mit 8 Megapixel, die Frontkamera mit 5 Megapixel sowie der Kopfh\u00f6reranschluss z\u00e4hlen zur Grundausstattung. Mit einem Speicherplatz von 32 GB, welcher auch erweiterbar ist, finden wichtige Apps f\u00fcr die Schule Platz. WhatsApp und Skype sind bereits vorinstalliert. Zus\u00e4tzlich besitzt das Beafon TAB-Pro eine SOS-Notruffunktion und eine Standorterkennung. F\u00fcr weitere Personalisierung kannst Du zwischen zwei Benutzeroberfl\u00e4chen w\u00e4hlen, der von Beafon und Android. Das Display mit Multi-Touch-Funktion erlaubt schnelles und unkompliziertes Arbeiten. Somit erweist sich das Tablet als optimaler Begleiter f\u00fcr die Schule.<\/p>\n<img decoding=\"async\" class=\"alignnone wp-image-8299 size-full\" src=\"https:\/\/aetka.de\/blog\/wp-content\/uploads\/2022\/07\/beafon-tablet-pro.jpg\" alt=\"Beafon Tablet Pro TL20 mit zwei Benutzeroberfl\u00e4chen\" width=\"700\" height=\"467\" srcset=\"https:\/\/aetka.de\/blog\/wp-content\/uploads\/2022\/07\/beafon-tablet-pro.jpg 700w, https:\/\/aetka.de\/blog\/wp-content\/uploads\/2022\/07\/beafon-tablet-pro-300x200.jpg 300w, https:\/\/aetka.de\/blog\/wp-content\/uploads\/2022\/07\/beafon-tablet-pro-400x267.jpg 400w\" sizes=\"(max-width: 700px) 100vw, 700px\" \/>\n<p>&nbsp;<\/p>\n<div class=\"atkp-container atkp-secondwide-box  atkp-template-secondwide\">\n                        <div class=\"atkp-box atkp-secondbox atkp-clearfix \"\n                 style=\"\">\n                <div class=\"atkp-predicateheadline atkp-predicate-highlight\">\n                    <span><\/span><\/div>\n                                    <a class=\"atkp-title\" href=\"https:\/\/aetka.de\/shop\/computer-tablets\/tablet\/672\/bea-fon-tablet-tab-pro-tl20?utm_source=aetka&utm_medium=blog\" rel=\"sponsored nofollow noopener\" target=\"_blank\"  title=\"Jetzt kaufen im aetka Shop\">Bea-fon Tablet TAB-Pro TL20<\/a>\n                \n                <div class=\"atkp-thumb\">\n                                            <a href=\"https:\/\/aetka.de\/shop\/computer-tablets\/tablet\/672\/bea-fon-tablet-tab-pro-tl20?utm_source=aetka&utm_medium=blog\" rel=\"sponsored nofollow noopener\" target=\"_blank\"  title=\"Jetzt kaufen im aetka Shop\"><img decoding=\"async\" class=\"atkp-image\"\n                                                                             src=\"https:\/\/aetka.de\/shop\/media\/image\/e3\/0e\/b5\/c0fd9c1e-04d0-46fd-bf7a-ee0ae1816f25_screenGr_600x600.jpg\"\n                                                                             alt=\"Bea-fon Tablet TAB-Pro TL20\"\/><\/a>\n                                    <\/div>\n                <div class=\"atkp-bottom\">\n                                            <span class=\"atkp-price atkp-saleprice\">\n                            &nbsp;Preis nicht verf&uuml;gbar\n                                                            <span class=\"atkp_price atkp-baseprice\"><\/span>\n                                                    <\/span>\n                    \n\n                        \n                                            <a href=\"https:\/\/aetka.de\/shop\/computer-tablets\/tablet\/672\/bea-fon-tablet-tab-pro-tl20?utm_source=aetka&utm_medium=blog\" rel=\"sponsored nofollow noopener\" target=\"_blank\"  title=\"Jetzt kaufen im aetka Shop\" class=\"atkp-button\">Zum Angebot<\/a>\n                                                            <div class=\"atkp-container\"><\/div>\n                    <span class=\"atkp-priceinfo\">Preis inkl. MwSt., zzgl. Versandkosten<\/span>\n                                    <\/div>\n            <\/div>\n                            <span class=\"atkp-disclaimer\">Zuletzt aktualisiert am 24. Juli 2024 um 8:39 . Wir weisen darauf hin, dass sich hier angezeigte Preise inzwischen ge\u00e4ndert haben k\u00f6nnen. Alle Angaben ohne Gew\u00e4hr.<\/span>\n            <\/div>\n\n<p>&nbsp;<\/p>\n<h2>Samsung Galaxy A33 5G \u2013 Viel Inhalt zum kleinen Preis<\/h2>\n<p>Das Galaxy A33 5G verbindet Simplizit\u00e4t und Modernit\u00e4t. Als Smartphone der mittleren Preisklasse bietet es sich hervorragend f\u00fcr gelegentliche Nutzer und Einsteiger an. Der 5.000 mAh-Akku in Kombination mit der Schnellladefunktion, beg\u00fcnstigen eine allt\u00e4gliche Anwendung mittels hoher Ausdauer. Auff\u00e4llig aber auch stylisch an diesem Smartphone ist die Quad Hauptkamera, welche viele Features besitzt wie beispielsweise 4K-Videoaufnahmen, einen optischen Bildstabilisator oder eine Tiefen- und Makrokamera. Zeitgerecht sind ebenfalls das hochaufl\u00f6sende Infinity-U-Display, f\u00fcr intensive Farbwiedergabe, sowie eine Bildwiederholrate von 90 Hz. Integrierten Schutz bieten die IP67 Schutzklasse (Wasserschutz) sowie das robuste und bruchsichere Geh\u00e4use. Zudem ist das Galaxy A33 5G-f\u00e4hig und beweist sich damit schlie\u00dflich als echter Allrounder.<\/p>\n<p><strong>Mehr Infos zum Produkt bekommst Du hier:<\/strong> <a href=\"https:\/\/aetka.de\/blog\/samsung-galaxy-a33\/\" target=\"_blank\" rel=\"noopener\">Samsung Galaxy A33 5G<\/a><\/p>\n<img decoding=\"async\" class=\"alignnone wp-image-8278 size-full\" src=\"https:\/\/aetka.de\/blog\/wp-content\/uploads\/2022\/07\/galaxy-a33-anschluss-akku.jpg\" alt=\"Galaxy A33 Anschluss Akku\" width=\"700\" height=\"467\" srcset=\"https:\/\/aetka.de\/blog\/wp-content\/uploads\/2022\/07\/galaxy-a33-anschluss-akku.jpg 700w, https:\/\/aetka.de\/blog\/wp-content\/uploads\/2022\/07\/galaxy-a33-anschluss-akku-300x200.jpg 300w, https:\/\/aetka.de\/blog\/wp-content\/uploads\/2022\/07\/galaxy-a33-anschluss-akku-400x267.jpg 400w\" sizes=\"(max-width: 700px) 100vw, 700px\" \/>\n<p>&nbsp;<\/p>\n<div class=\"atkp-container atkp-grid_3_columns-box  atkp-template-grid_3_columns\">\n            <div class=\"atkp-clearfix atkp-box-3-cols \">\n                            <div class=\"atkp-box atkp-smallbox atkp-box-3-cols-item atkp-clearfix \">\n                    <div class=\"atkp-thumb\">\n                                                    <a href=\"https:\/\/aetka.de\/shop\/handy-telefonie\/handy\/smartphones\/4641\/samsung-a336b-galaxy-a33-5g-128-gb-awesome-blue?utm_source=aetka&utm_medium=blog\" rel=\"sponsored nofollow noopener\" target=\"_blank\"  title=\"Jetzt kaufen im aetka Shop\"><img decoding=\"async\" class=\"atkp-image\"\n                                                                                 src=\"https:\/\/aetka.de\/shop\/media\/image\/74\/f4\/36\/e076304a-3ccf-4689-92ad-21d8627a43ba_screenGr_600x600.jpg\"\n                                                                                 alt=\"Samsung A336B Galaxy A33 5G 128 GB (Awesome Blue)\"\/><\/a>\n                                            <\/div>\n                    <div class=\"atkp-content\">\n                                                    <a class=\"atkp-title\" href=\"https:\/\/aetka.de\/shop\/handy-telefonie\/handy\/smartphones\/4641\/samsung-a336b-galaxy-a33-5g-128-gb-awesome-blue?utm_source=aetka&utm_medium=blog\" rel=\"sponsored nofollow noopener\" target=\"_blank\"  title=\"Jetzt kaufen im aetka Shop\">Samsung A336B Galaxy A33 5G 128 GB (Awesome B<\/a>\n                                                <div class=\"atkp-author\"><\/div>\n                    <\/div>\n                    <div class=\"atkp-bottom\">\n                        <div class=\"atkp-ratingbar\">\n                                                        <div class=\"atkp-primelogo\"><\/div>\n                            <div class=\"atkp-clearfix\"><\/div>\n                        <\/div>\n                                                    <span class=\"atkp-price atkp-saleprice\">\n                                Preis nicht verf&uuml;gbar\n                                                                    <span class=\"atkp_price atkp-baseprice\"><\/span>\n                                                            <\/span>\n                                                                            <a href=\"https:\/\/aetka.de\/shop\/handy-telefonie\/handy\/smartphones\/4641\/samsung-a336b-galaxy-a33-5g-128-gb-awesome-blue?utm_source=aetka&utm_medium=blog\" rel=\"sponsored nofollow noopener\" target=\"_blank\"  title=\"Jetzt kaufen im aetka Shop\" class=\"atkp-button\">Zum Angebot<\/a>\n                        \n                        \n                                                    <span class=\"atkp-priceinfo\">Preis inkl. MwSt., zzgl. Versandkosten<\/span>\n                                                                    <\/div>\n                <\/div>\n                            <div class=\"atkp-box atkp-smallbox atkp-box-3-cols-item atkp-clearfix \">\n                    <div class=\"atkp-thumb\">\n                                                    <a href=\"https:\/\/aetka.de\/shop\/handy-telefonie\/handy\/smartphones\/4640\/samsung-a336b-galaxy-a33-5g-128-gb-awesome-black?utm_source=aetka&utm_medium=blog\" rel=\"sponsored nofollow noopener\" target=\"_blank\"  title=\"Jetzt kaufen im aetka Shop\"><img decoding=\"async\" class=\"atkp-image\"\n                                                                                 src=\"https:\/\/aetka.de\/shop\/media\/image\/69\/15\/de\/ea365e0c-b6c9-4eb1-8e39-4d8ab70f81a6_screenGr_600x600.jpg\"\n                                                                                 alt=\"Samsung A336B Galaxy A33 5G 128 GB (Awesome Black)\"\/><\/a>\n                                            <\/div>\n                    <div class=\"atkp-content\">\n                                                    <a class=\"atkp-title\" href=\"https:\/\/aetka.de\/shop\/handy-telefonie\/handy\/smartphones\/4640\/samsung-a336b-galaxy-a33-5g-128-gb-awesome-black?utm_source=aetka&utm_medium=blog\" rel=\"sponsored nofollow noopener\" target=\"_blank\"  title=\"Jetzt kaufen im aetka Shop\">Samsung A336B Galaxy A33 5G 128 GB (Awesome B<\/a>\n                                                <div class=\"atkp-author\"><\/div>\n                    <\/div>\n                    <div class=\"atkp-bottom\">\n                        <div class=\"atkp-ratingbar\">\n                                                        <div class=\"atkp-primelogo\"><\/div>\n                            <div class=\"atkp-clearfix\"><\/div>\n                        <\/div>\n                                                    <span class=\"atkp-price atkp-saleprice\">\n                                Preis nicht verf&uuml;gbar\n                                                                    <span class=\"atkp_price atkp-baseprice\"><\/span>\n                                                            <\/span>\n                                                                            <a href=\"https:\/\/aetka.de\/shop\/handy-telefonie\/handy\/smartphones\/4640\/samsung-a336b-galaxy-a33-5g-128-gb-awesome-black?utm_source=aetka&utm_medium=blog\" rel=\"sponsored nofollow noopener\" target=\"_blank\"  title=\"Jetzt kaufen im aetka Shop\" class=\"atkp-button\">Zum Angebot<\/a>\n                        \n                        \n                                                    <span class=\"atkp-priceinfo\">Preis inkl. MwSt., zzgl. Versandkosten<\/span>\n                                                                    <\/div>\n                <\/div>\n                            <div class=\"atkp-box atkp-smallbox atkp-box-3-cols-item atkp-clearfix \">\n                    <div class=\"atkp-thumb\">\n                                                    <a href=\"\" rel=\"sponsored nofollow noopener\" target=\"_blank\"  title=\"Jetzt kaufen im aetka Shop\"><img decoding=\"async\" class=\"atkp-image\"\n                                                                                 src=\"https:\/\/aetka.de\/blog\/wp-content\/plugins\/affiliate-toolkit-starter\/includes\/helper\/..\/..\/images\/image-not-found.jpg\"\n                                                                                 alt=\"\"\/><\/a>\n                                            <\/div>\n                    <div class=\"atkp-content\">\n                                                    <a class=\"atkp-title\" href=\"\" rel=\"sponsored nofollow noopener\" target=\"_blank\"  title=\"Jetzt kaufen im aetka Shop\"><\/a>\n                                                <div class=\"atkp-author\"><\/div>\n                    <\/div>\n                    <div class=\"atkp-bottom\">\n                        <div class=\"atkp-ratingbar\">\n                                                        <div class=\"atkp-primelogo\"><\/div>\n                            <div class=\"atkp-clearfix\"><\/div>\n                        <\/div>\n                                                    <span class=\"atkp-price atkp-saleprice\">\n                                Preis nicht verf&uuml;gbar\n                                                                    <span class=\"atkp_price atkp-baseprice\"><\/span>\n                                                            <\/span>\n                                                                            <a href=\"\" rel=\"sponsored nofollow noopener\" target=\"_blank\"  title=\"Jetzt kaufen im aetka Shop\" class=\"atkp-button\">Zum Angebot<\/a>\n                        \n                        \n                                                    <span class=\"atkp-priceinfo\">Preis inkl. MwSt., zzgl. Versandkosten<\/span>\n                                                                    <\/div>\n                <\/div>\n                    <\/div>\n                    <span class=\"atkp-disclaimer\">Zuletzt aktualisiert am 27. Juni 2023 um 8:52 . Wir weisen darauf hin, dass sich hier angezeigte Preise inzwischen ge\u00e4ndert haben k\u00f6nnen. Alle Angaben ohne Gew\u00e4hr.<\/span>\n            <\/div>\n\n<p>&nbsp;<\/p>\n<h2>Samsung Galaxy A32 5G \u2013 Dein Einstiegs-Smartphone<\/h2>\n<p>Das Galaxy A32 5G unterscheidet sich nur in wenigen Punkten von seinem Nachfolger dem Galaxy A33. Es verf\u00fcgt \u00fcber eine Bildwiederholungsrate von 60 Hz, welche eine fl\u00fcssige Darstellung der bildlichen Inhalte beg\u00fcnstigt. Das moderne Infinity-V-Display hat eine Gr\u00f6\u00dfe von 6.5\u201c. Mit der Quad-Kamera sind Aufnahmen bis zu 49 Megapixel m\u00f6glich. Weiterhin geh\u00f6ren eine Ultraweitwinkellinse sowie die Selfie-Kamera mit 16 Megapixel zu den Kamerahighlights. Ein 5.000 mAh Akku sowie Speicherplatz von 128 GB (auch erweiterbar) stehen auch hier f\u00fcr starke Leistung. Dieses Smartphone eignet sich gleicherma\u00dfen gut f\u00fcr Schulkinder, die beispielsweise auf die Oberschule oder das Gymnasium wechseln.<\/p>\n<p><strong>Mehr Infos zum Produkt bekommst Du hier:<\/strong> <a href=\"https:\/\/aetka.de\/blog\/samsung-galaxy-a32\/\" target=\"_blank\" rel=\"noopener\">Samsung Galaxy A32 5G<\/a><\/p>\n<img decoding=\"async\" class=\"wp-image-6987 size-full\" src=\"https:\/\/aetka.de\/blog\/wp-content\/uploads\/2021\/03\/galaxy-a32-kamera.jpg\" alt=\"Galaxy A32 Kamera\" width=\"700\" height=\"467\" srcset=\"https:\/\/aetka.de\/blog\/wp-content\/uploads\/2021\/03\/galaxy-a32-kamera.jpg 700w, https:\/\/aetka.de\/blog\/wp-content\/uploads\/2021\/03\/galaxy-a32-kamera-300x200.jpg 300w, https:\/\/aetka.de\/blog\/wp-content\/uploads\/2021\/03\/galaxy-a32-kamera-400x267.jpg 400w\" sizes=\"(max-width: 700px) 100vw, 700px\" \/>\n<p>&nbsp;<\/p>\n<div class=\"atkp-container atkp-grid_3_columns-box  atkp-template-grid_3_columns\">\n            <div class=\"atkp-clearfix atkp-box-3-cols \">\n                            <div class=\"atkp-box atkp-smallbox atkp-box-3-cols-item atkp-clearfix \">\n                    <div class=\"atkp-thumb\">\n                                                    <a href=\"\" rel=\"sponsored nofollow noopener\" target=\"_blank\"  title=\"Jetzt kaufen im aetka Shop\"><img decoding=\"async\" class=\"atkp-image\"\n                                                                                 src=\"https:\/\/aetka.de\/blog\/wp-content\/plugins\/affiliate-toolkit-starter\/includes\/helper\/..\/..\/images\/image-not-found.jpg\"\n                                                                                 alt=\"\"\/><\/a>\n                                            <\/div>\n                    <div class=\"atkp-content\">\n                                                    <a class=\"atkp-title\" href=\"\" rel=\"sponsored nofollow noopener\" target=\"_blank\"  title=\"Jetzt kaufen im aetka Shop\"><\/a>\n                                                <div class=\"atkp-author\"><\/div>\n                    <\/div>\n                    <div class=\"atkp-bottom\">\n                        <div class=\"atkp-ratingbar\">\n                                                        <div class=\"atkp-primelogo\"><\/div>\n                            <div class=\"atkp-clearfix\"><\/div>\n                        <\/div>\n                                                    <span class=\"atkp-price atkp-saleprice\">\n                                Preis nicht verf&uuml;gbar\n                                                                    <span class=\"atkp_price atkp-baseprice\"><\/span>\n                                                            <\/span>\n                                                                            <a href=\"\" rel=\"sponsored nofollow noopener\" target=\"_blank\"  title=\"Jetzt kaufen im aetka Shop\" class=\"atkp-button\">Zum Angebot<\/a>\n                        \n                        \n                                                    <span class=\"atkp-priceinfo\">Preis inkl. MwSt., zzgl. Versandkosten<\/span>\n                                                                    <\/div>\n                <\/div>\n                            <div class=\"atkp-box atkp-smallbox atkp-box-3-cols-item atkp-clearfix \">\n                    <div class=\"atkp-thumb\">\n                                                    <a href=\"\" rel=\"sponsored nofollow noopener\" target=\"_blank\"  title=\"Jetzt kaufen im aetka Shop\"><img decoding=\"async\" class=\"atkp-image\"\n                                                                                 src=\"https:\/\/aetka.de\/blog\/wp-content\/plugins\/affiliate-toolkit-starter\/includes\/helper\/..\/..\/images\/image-not-found.jpg\"\n                                                                                 alt=\"\"\/><\/a>\n                                            <\/div>\n                    <div class=\"atkp-content\">\n                                                    <a class=\"atkp-title\" href=\"\" rel=\"sponsored nofollow noopener\" target=\"_blank\"  title=\"Jetzt kaufen im aetka Shop\"><\/a>\n                                                <div class=\"atkp-author\"><\/div>\n                    <\/div>\n                    <div class=\"atkp-bottom\">\n                        <div class=\"atkp-ratingbar\">\n                                                        <div class=\"atkp-primelogo\"><\/div>\n                            <div class=\"atkp-clearfix\"><\/div>\n                        <\/div>\n                                                    <span class=\"atkp-price atkp-saleprice\">\n                                Preis nicht verf&uuml;gbar\n                                                                    <span class=\"atkp_price atkp-baseprice\"><\/span>\n                                                            <\/span>\n                                                                            <a href=\"\" rel=\"sponsored nofollow noopener\" target=\"_blank\"  title=\"Jetzt kaufen im aetka Shop\" class=\"atkp-button\">Zum Angebot<\/a>\n                        \n                        \n                                                    <span class=\"atkp-priceinfo\">Preis inkl. MwSt., zzgl. Versandkosten<\/span>\n                                                                    <\/div>\n                <\/div>\n                    <\/div>\n                    <span class=\"atkp-disclaimer\">Zuletzt aktualisiert am 29. April 2026 um 9:00 . Wir weisen darauf hin, dass sich hier angezeigte Preise inzwischen ge\u00e4ndert haben k\u00f6nnen. Alle Angaben ohne Gew\u00e4hr.<\/span>\n            <\/div>\n\n<p>&nbsp;<\/p>\n<h2>Xiaomi Redmi Buds 3 Lite \u2013 Verleihen Dir Freiheit und Motivation<\/h2>\n<p>Xiaomi schafft mit diesen kabellosen In-Ear Kopfh\u00f6rern gleicherma\u00dfen Auszeit und f\u00f6rdert effizientes Bearbeiten von schulischen Aufgaben. Einerseits erm\u00f6glichen die Redmi Buds 3 Lite, aufgrund des Low Latency Mode, beim Gaming eine pr\u00e4zise Widergabe. Andererseits k\u00f6nnen w\u00e4hrend des Telefonierens oder Videoanrufes Umgebungsger\u00e4usche unterdr\u00fcckt werden \u2013 somit werden Schulaufgaben m\u00fchelos gemeinsam bew\u00e4ltigt. Ganz egal f\u00fcr welche Aktivit\u00e4t: Die intelligente Touchbedienung wechselt zwischen den verschiedenen Modi. Beim Verwenden unterst\u00fctzen Dich ein sicherer Halt sowie die Akkulaufzeit von 18 h in Kombination mit dem Ladecase.<\/p>\n<img decoding=\"async\" class=\"alignnone wp-image-8301 size-full\" src=\"https:\/\/aetka.de\/blog\/wp-content\/uploads\/2022\/07\/xiaomi-redmi-buds-3-lite-schwarz-1.jpg\" alt=\"Xiaomi Redmi Buds 3 Lite in Verwendung beim Spielen\" width=\"700\" height=\"467\" srcset=\"https:\/\/aetka.de\/blog\/wp-content\/uploads\/2022\/07\/xiaomi-redmi-buds-3-lite-schwarz-1.jpg 700w, https:\/\/aetka.de\/blog\/wp-content\/uploads\/2022\/07\/xiaomi-redmi-buds-3-lite-schwarz-1-300x200.jpg 300w, https:\/\/aetka.de\/blog\/wp-content\/uploads\/2022\/07\/xiaomi-redmi-buds-3-lite-schwarz-1-400x267.jpg 400w\" sizes=\"(max-width: 700px) 100vw, 700px\" \/>\n<p>&nbsp;<\/p>\n<div class=\"atkp-container atkp-grid_2_columns-box  atkp-template-grid_2_columns\">\n            <div class=\"atkp-clearfix atkp-box-2-cols \">\n                            <div class=\"atkp-box atkp-smallbox atkp-box-2-cols-item atkp-clearfix \">\n                    <div class=\"atkp-thumb\">\n                                                    <a href=\"\" rel=\"sponsored nofollow noopener\" target=\"_blank\"  title=\"Jetzt kaufen im aetka Shop\"><img decoding=\"async\" class=\"atkp-image\"\n                                                                                 src=\"https:\/\/aetka.de\/blog\/wp-content\/plugins\/affiliate-toolkit-starter\/includes\/helper\/..\/..\/images\/image-not-found.jpg\"\n                                                                                 alt=\"\"\/><\/a>\n                                            <\/div>\n                    <div class=\"atkp-content\">\n                                                    <a class=\"atkp-title\" href=\"\" rel=\"sponsored nofollow noopener\" target=\"_blank\"  title=\"Jetzt kaufen im aetka Shop\"><\/a>\n                                                <div class=\"atkp-author\"><\/div>\n                    <\/div>\n                    <div class=\"atkp-bottom\">\n                        <div class=\"atkp-ratingbar\">\n                                                        <div class=\"atkp-primelogo\"><\/div>\n                            <div class=\"atkp-clearfix\"><\/div>\n                        <\/div>\n                                                    <span class=\"atkp-price atkp-saleprice\">\n                                Preis nicht verf&uuml;gbar\n                                                                    <span class=\"atkp_price atkp-baseprice\"><\/span>\n                                                            <\/span>\n                                                                            <a href=\"\" rel=\"sponsored nofollow noopener\" target=\"_blank\"  title=\"Jetzt kaufen im aetka Shop\" class=\"atkp-button\">Zum Angebot<\/a>\n                        \n                        \n                                                    <span class=\"atkp-priceinfo\">Preis inkl. MwSt., zzgl. Versandkosten<\/span>\n                                                                    <\/div>\n                <\/div>\n                            <div class=\"atkp-box atkp-smallbox atkp-box-2-cols-item atkp-clearfix \">\n                    <div class=\"atkp-thumb\">\n                                                    <a href=\"https:\/\/aetka.de\/shop\/tv-audio\/kopfhoerer\/4018\/xiaomi-redmi-buds-3-lite-black?utm_source=aetka&utm_medium=blog\" rel=\"sponsored nofollow noopener\" target=\"_blank\"  title=\"Jetzt kaufen im aetka Shop\"><img decoding=\"async\" class=\"atkp-image\"\n                                                                                 src=\"https:\/\/aetka.de\/shop\/media\/image\/84\/51\/cc\/4cb34e04-98f5-4b06-a834-14ed03596505_screenGrHeAekoKRsDYvY_600x600.jpg\"\n                                                                                 alt=\"Xiaomi Redmi Buds 3 Lite black\"\/><\/a>\n                                            <\/div>\n                    <div class=\"atkp-content\">\n                                                    <a class=\"atkp-title\" href=\"https:\/\/aetka.de\/shop\/tv-audio\/kopfhoerer\/4018\/xiaomi-redmi-buds-3-lite-black?utm_source=aetka&utm_medium=blog\" rel=\"sponsored nofollow noopener\" target=\"_blank\"  title=\"Jetzt kaufen im aetka Shop\">Xiaomi Redmi Buds 3 Lite black<\/a>\n                                                <div class=\"atkp-author\"><\/div>\n                    <\/div>\n                    <div class=\"atkp-bottom\">\n                        <div class=\"atkp-ratingbar\">\n                                                        <div class=\"atkp-primelogo\"><\/div>\n                            <div class=\"atkp-clearfix\"><\/div>\n                        <\/div>\n                                                    <span class=\"atkp-price atkp-saleprice\">\n                                Preis nicht verf&uuml;gbar\n                                                                    <span class=\"atkp_price atkp-baseprice\"><\/span>\n                                                            <\/span>\n                                                                            <a href=\"https:\/\/aetka.de\/shop\/tv-audio\/kopfhoerer\/4018\/xiaomi-redmi-buds-3-lite-black?utm_source=aetka&utm_medium=blog\" rel=\"sponsored nofollow noopener\" target=\"_blank\"  title=\"Jetzt kaufen im aetka Shop\" class=\"atkp-button\">Zum Angebot<\/a>\n                        \n                        \n                                                    <span class=\"atkp-priceinfo\">Preis inkl. MwSt., zzgl. Versandkosten<\/span>\n                                                                    <\/div>\n                <\/div>\n                    <\/div>\n                    <span class=\"atkp-disclaimer\">Zuletzt aktualisiert am 29. April 2026 um 8:59 . Wir weisen darauf hin, dass sich hier angezeigte Preise inzwischen ge\u00e4ndert haben k\u00f6nnen. Alle Angaben ohne Gew\u00e4hr.<\/span>\n            <\/div>\n<p>&nbsp;<\/p>\n<h2>Xiaomi Redmi Note 11S \u2013 Endlose Optionen damit Dir nichts fehlt<\/h2>\n<p>Kaum 200 g wiegt das ultrad\u00fcnne und leichte Geh\u00e4use des Redmi 11S Note Smartphone von Xiaomi. Dennoch besitzt es einen 5.000 mAh Akku und beweist sich als optimaler Begleiter. Fingerabdruck- sowie Gesichtserkennung stehen ebenfalls f\u00fcr das einfache Handling. Die gr\u00f6\u00dfte Attraktion des Redmi 11S ist seine Quad-Kamera mit einer Aufl\u00f6sung von 108 Megapixel und die Frontkamera erm\u00f6glicht Selfies mit 16 Megapixel. Ein Full HD+ Display gew\u00e4hrleistet die farbintensive Wiedergabe auch bei hellstem Tageslicht. Zus\u00e4tzlich werden leichte Fingerber\u00fchrungen pr\u00e4zise erkannt und geschmeidige \u00dcberg\u00e4nge kreiert. Spiele k\u00f6nnen dank der zwei verbauten Lausprecher an Ober- und Unterseite mit Stereo Sound genossen werden. Xiaomi bietet mit diesem Smartphone allumfassende Highlights und muss keine Kompromisse eingehen.<\/p>\n<p><strong>Mehr Infos zum Produkt bekommst Du hier:<\/strong> <a href=\"https:\/\/aetka.de\/blog\/xiaomi-redmi-note-11\/\" target=\"_blank\" rel=\"noopener\">Xiaomi Redmi Note 11<\/a><\/p>\n<img decoding=\"async\" class=\"alignnone wp-image-8063\" src=\"https:\/\/aetka.de\/blog\/wp-content\/uploads\/2022\/02\/RedmiNote11Bernstein-scaled.jpg\" alt=\"Xiaomi Redmi Note 11 R\u00fcckseite\" width=\"525\" height=\"700\" srcset=\"https:\/\/aetka.de\/blog\/wp-content\/uploads\/2022\/02\/RedmiNote11Bernstein-scaled.jpg 1920w, https:\/\/aetka.de\/blog\/wp-content\/uploads\/2022\/02\/RedmiNote11Bernstein-225x300.jpg 225w, https:\/\/aetka.de\/blog\/wp-content\/uploads\/2022\/02\/RedmiNote11Bernstein-768x1024.jpg 768w, https:\/\/aetka.de\/blog\/wp-content\/uploads\/2022\/02\/RedmiNote11Bernstein-1152x1536.jpg 1152w, https:\/\/aetka.de\/blog\/wp-content\/uploads\/2022\/02\/RedmiNote11Bernstein-1536x2048.jpg 1536w, https:\/\/aetka.de\/blog\/wp-content\/uploads\/2022\/02\/RedmiNote11Bernstein-800x1067.jpg 800w, https:\/\/aetka.de\/blog\/wp-content\/uploads\/2022\/02\/RedmiNote11Bernstein-400x533.jpg 400w\" sizes=\"(max-width: 525px) 100vw, 525px\" \/>\n<p>&nbsp;<\/p>\n<div class=\"atkp-container atkp-secondwide-box  atkp-template-secondwide\">\n                        <div class=\"atkp-box atkp-secondbox atkp-clearfix \"\n                 style=\"\">\n                <div class=\"atkp-predicateheadline atkp-predicate-highlight\">\n                    <span><\/span><\/div>\n                                    <a class=\"atkp-title\" href=\"\" rel=\"sponsored nofollow noopener\" target=\"_blank\"  title=\"Jetzt kaufen im aetka Shop\"><\/a>\n                \n                <div class=\"atkp-thumb\">\n                                            <a href=\"\" rel=\"sponsored nofollow noopener\" target=\"_blank\"  title=\"Jetzt kaufen im aetka Shop\"><img decoding=\"async\" class=\"atkp-image\"\n                                                                             src=\"https:\/\/aetka.de\/blog\/wp-content\/plugins\/affiliate-toolkit-starter\/includes\/helper\/..\/..\/images\/image-not-found.jpg\"\n                                                                             alt=\"\"\/><\/a>\n                                    <\/div>\n                <div class=\"atkp-bottom\">\n                                            <span class=\"atkp-price atkp-saleprice\">\n                            &nbsp;Preis nicht verf&uuml;gbar\n                                                            <span class=\"atkp_price atkp-baseprice\"><\/span>\n                                                    <\/span>\n                    \n\n                        \n                                            <a href=\"\" rel=\"sponsored nofollow noopener\" target=\"_blank\"  title=\"Jetzt kaufen im aetka Shop\" class=\"atkp-button\">Zum Angebot<\/a>\n                                                            <div class=\"atkp-container\"><\/div>\n                    <span class=\"atkp-priceinfo\">Preis inkl. MwSt., zzgl. Versandkosten<\/span>\n                                    <\/div>\n            <\/div>\n                            <span class=\"atkp-disclaimer\">Zuletzt aktualisiert am 29. April 2026 um 9:00 . Wir weisen darauf hin, dass sich hier angezeigte Preise inzwischen ge\u00e4ndert haben k\u00f6nnen. Alle Angaben ohne Gew\u00e4hr.<\/span>\n            <\/div>\n\n<p>&nbsp;<\/p>\n<h2>Xiaomi Redmi 10C \u2013 Zuverl\u00e4ssig, wenn es drauf ankommt<\/h2>\n<p>Basierend auf m\u00e4\u00dfiger Nutzung h\u00e4lt der gro\u00dfe 5.000 mAh Akku des Redmi 10C bis zu 2 Tage. Auch die Dual-Kamera mit ihren Aufnahmen bis zu 50 Megapixel h\u00e4lt f\u00fcr Dich Features wie einen Portr\u00e4t- oder Nachtmodus bereit. Die vorhandenen 64 GB k\u00f6nnen auf bis zu 1 TB unterst\u00fctzt erweitert werden, damit die Fotom\u00f6glichkeiten vollkommen auszunutzen sind. Das 6.71\u201c gro\u00dfe Display mit schmalen R\u00e4ndern und klangvollen Lautsprechern erm\u00f6glicht HD Streaming-Erlebnisse auf hohem Niveau. In seinem Preissegment ist dieses Smartphone von Xiaomi unschlagbar.<\/p>\n<p><strong>Mehr Infos zum Produkt bekommst Du hier:<\/strong> <a href=\"https:\/\/aetka.de\/blog\/xiaomi-redmi-10c\/\" target=\"_blank\" rel=\"noopener\">Xiaomi Redmi 10C<\/a><\/p>\n<img decoding=\"async\" class=\"alignnone size-full wp-image-8391\" src=\"https:\/\/aetka.de\/blog\/wp-content\/uploads\/2022\/08\/xiaomi-10c-kamera-1.jpg\" alt=\"R\u00fcckseite und Kamera des Xiaomi Redmi 10c\" width=\"525\" height=\"700\" srcset=\"https:\/\/aetka.de\/blog\/wp-content\/uploads\/2022\/08\/xiaomi-10c-kamera-1.jpg 525w, https:\/\/aetka.de\/blog\/wp-content\/uploads\/2022\/08\/xiaomi-10c-kamera-1-225x300.jpg 225w, https:\/\/aetka.de\/blog\/wp-content\/uploads\/2022\/08\/xiaomi-10c-kamera-1-400x533.jpg 400w\" sizes=\"(max-width: 525px) 100vw, 525px\" \/>\n<p>&nbsp;<\/p>\n<div class=\"atkp-container atkp-secondwide-box  atkp-template-secondwide\">\n                        <div class=\"atkp-box atkp-secondbox atkp-clearfix \"\n                 style=\"\">\n                <div class=\"atkp-predicateheadline atkp-predicate-highlight\">\n                    <span><\/span><\/div>\n                                    <a class=\"atkp-title\" href=\"\" rel=\"sponsored nofollow noopener\" target=\"_blank\"  title=\"Jetzt kaufen im aetka Shop\"><\/a>\n                \n                <div class=\"atkp-thumb\">\n                                            <a href=\"\" rel=\"sponsored nofollow noopener\" target=\"_blank\"  title=\"Jetzt kaufen im aetka Shop\"><img decoding=\"async\" class=\"atkp-image\"\n                                                                             src=\"https:\/\/aetka.de\/blog\/wp-content\/plugins\/affiliate-toolkit-starter\/includes\/helper\/..\/..\/images\/image-not-found.jpg\"\n                                                                             alt=\"\"\/><\/a>\n                                    <\/div>\n                <div class=\"atkp-bottom\">\n                                            <span class=\"atkp-price atkp-saleprice\">\n                            &nbsp;Preis nicht verf&uuml;gbar\n                                                            <span class=\"atkp_price atkp-baseprice\"><\/span>\n                                                    <\/span>\n                    \n\n                        \n                                            <a href=\"\" rel=\"sponsored nofollow noopener\" target=\"_blank\"  title=\"Jetzt kaufen im aetka Shop\" class=\"atkp-button\">Zum Angebot<\/a>\n                                                            <div class=\"atkp-container\"><\/div>\n                    <span class=\"atkp-priceinfo\">Preis inkl. MwSt., zzgl. Versandkosten<\/span>\n                                    <\/div>\n            <\/div>\n                            <span class=\"atkp-disclaimer\">Zuletzt aktualisiert am 29. April 2026 um 9:00 . Wir weisen darauf hin, dass sich hier angezeigte Preise inzwischen ge\u00e4ndert haben k\u00f6nnen. Alle Angaben ohne Gew\u00e4hr.<\/span>\n            <\/div>\n\n<p>&nbsp;<\/p>\n<p>&nbsp;<\/p>\n<h2>Motorola e32s \u2013 Erweitere Deinen Blickwinkel<\/h2>\n<p>Mit schlankem und best\u00e4ndigem Design, kombiniert das e32s Style und Schonung. Es passt geschmeidig in Deine Hand und sch\u00fctzt vor Staub und Tropfwasser. Auch der Fingerabdruck- und Gesichtssensor sorgen f\u00fcr weitere Sicherheit. Das Dreifach-Kamerasystem mit 16 Megapixel beinhaltet eine Schnellfokus-Funktion, damit Dir nichts entgeht. Aber auch Aufnahmemodi wie der Profi-Modus, Beauty-Modus oder Hilfsraster veranlassen zur Kreativit\u00e4t. Das breite und fast randlose HD+ Display unterst\u00fctzt bei jedem Bestreben und erm\u00f6glicht allumfassende Effizienz und Fortschritt.<\/p>\n<p>&nbsp;<\/p>\n<h2>Xiaomi Smart Band 6 \u2013 Smartes Tracken Deiner allt\u00e4glichen Wege<\/h2>\n<p>Der Fitnesstracker von Xiaomi verk\u00f6rpert Modernit\u00e4t mittels schlanken Designs und Rundungen. Bei gew\u00f6hnlichem Gebrauch erm\u00f6glicht das Smart Band eine Nutzungsdauer von bis zu 14 Tagen. Es stehen viele Auswertungsm\u00f6glichkeiten bereit f\u00fcr Dich, dazu z\u00e4hlen u.a. eine Schlafanalyse, ein Herzfrequenzsensor oder Schrittz\u00e4hler. Damit das Armband auch beim Schlafen getragen werden kann, sorgen das leichte Gewicht sowie weiches und flexibles Silikon f\u00fcr Deinen Komfort. F\u00fcr aktive Workout-Einheiten kannst Du zwischen 30 verschiedenen Sportarten w\u00e4hlen. Damit Du Deine Aktivit\u00e4ten immer im Blick hast, n\u00fctzt die Bluetooth-Verbindung \u00fcber das Smartphone mit der Xiaomi Wear oder der Mi Fit App \u2013 Motivation trotz Alltag wird hier garantiert.<\/p>\n<p><strong>Mehr Infos zum Produkt bekommst Du hier:<\/strong> <a href=\"https:\/\/aetka.de\/blog\/xiaomi-mi-band-6\/\" target=\"_blank\" rel=\"noopener\">Xiaomi Mi Smart Band 6<\/a><\/p>\n<img decoding=\"async\" class=\"alignnone wp-image-7647 size-full\" src=\"https:\/\/aetka.de\/blog\/wp-content\/uploads\/2021\/10\/xiaomi-mi-band-6-display-menu.jpg\" alt=\"Xiaomi Mi Band 6 Display Uhrzeit\" width=\"525\" height=\"700\" srcset=\"https:\/\/aetka.de\/blog\/wp-content\/uploads\/2021\/10\/xiaomi-mi-band-6-display-menu.jpg 525w, https:\/\/aetka.de\/blog\/wp-content\/uploads\/2021\/10\/xiaomi-mi-band-6-display-menu-225x300.jpg 225w, https:\/\/aetka.de\/blog\/wp-content\/uploads\/2021\/10\/xiaomi-mi-band-6-display-menu-400x533.jpg 400w\" sizes=\"(max-width: 525px) 100vw, 525px\" \/>\n<p>&nbsp;<\/p>\n<div class=\"atkp-container atkp-secondwide-box  atkp-template-secondwide\">\n                        <div class=\"atkp-box atkp-secondbox atkp-clearfix \"\n                 style=\"\">\n                <div class=\"atkp-predicateheadline atkp-predicate-highlight\">\n                    <span><\/span><\/div>\n                                    <a class=\"atkp-title\" href=\"\" rel=\"sponsored nofollow noopener\" target=\"_blank\"  title=\"Jetzt kaufen im aetka Shop\"><\/a>\n                \n                <div class=\"atkp-thumb\">\n                                            <a href=\"\" rel=\"sponsored nofollow noopener\" target=\"_blank\"  title=\"Jetzt kaufen im aetka Shop\"><img decoding=\"async\" class=\"atkp-image\"\n                                                                             src=\"https:\/\/aetka.de\/blog\/wp-content\/plugins\/affiliate-toolkit-starter\/includes\/helper\/..\/..\/images\/image-not-found.jpg\"\n                                                                             alt=\"\"\/><\/a>\n                                    <\/div>\n                <div class=\"atkp-bottom\">\n                                            <span class=\"atkp-price atkp-saleprice\">\n                            &nbsp;Preis nicht verf&uuml;gbar\n                                                            <span class=\"atkp_price atkp-baseprice\"><\/span>\n                                                    <\/span>\n                    \n\n                        \n                                            <a href=\"\" rel=\"sponsored nofollow noopener\" target=\"_blank\"  title=\"Jetzt kaufen im aetka Shop\" class=\"atkp-button\">Zum Angebot<\/a>\n                                                            <div class=\"atkp-container\"><\/div>\n                    <span class=\"atkp-priceinfo\">Preis inkl. MwSt., zzgl. Versandkosten<\/span>\n                                    <\/div>\n            <\/div>\n                            <span class=\"atkp-disclaimer\">Zuletzt aktualisiert am 29. April 2026 um 9:00 . Wir weisen darauf hin, dass sich hier angezeigte Preise inzwischen ge\u00e4ndert haben k\u00f6nnen. Alle Angaben ohne Gew\u00e4hr.<\/span>\n            <\/div>\n\n<p>&nbsp;<\/p>\n","protected":false},"excerpt":{"rendered":"<p>Neuste Technologien und die Digitalisierung gestalten schon lang den Alltag vieler Menschen. Wir nutzen Staubsauger-Roboter, Alexa, die f\u00fcr uns das Licht dimmt, Autos, die von selbst fahren\u2026 Aber nicht nur erwachsene Menschen nutzen Technik, um sich tagt\u00e4gliche Aufgaben zu erleichtern. Auch bei Kindern und angehenden Jugendlichen entfacht das digitale Zeitalter und jene Ger\u00e4te ein besonderes&#8230;  <a class=\"excerpt-read-more\" href=\"https:\/\/aetka.de\/blog\/technikratgeber-schulanfang\/\" title=\"Read Techniktipps f\u00fcr Eltern, Sch\u00fcler und Sch\u00fclerinnen\">Weiter &raquo;<\/a><\/p>\n","protected":false},"author":89,"featured_media":8304,"comment_status":"open","ping_status":"open","sticky":false,"template":"","format":"standard","meta":{"_editorskit_title_hidden":false,"_editorskit_reading_time":0,"_editorskit_is_block_options_detached":false,"_editorskit_block_options_position":"{}","footnotes":""},"categories":[1],"tags":[],"class_list":["post-8290","post","type-post","status-publish","format-standard","has-post-thumbnail","hentry","category-allgemein"],"yoast_head":"<!-- This site is optimized with the Yoast SEO plugin v27.3 - https:\/\/yoast.com\/product\/yoast-seo-wordpress\/ -->\n<title>Techniktipps f\u00fcrs neue Schuljahr<\/title>\n<meta name=\"description\" content=\"Dieser Beitrag stellt Dir Ger\u00e4te vor, die Kinder und Sch\u00fcler beim Lernen optimal unterst\u00fctzen, wie das Samsung Galaxy Tab A8. Mehr lesen!\" \/>\n<meta name=\"robots\" content=\"index, follow, max-snippet:-1, max-image-preview:large, max-video-preview:-1\" \/>\n<link rel=\"canonical\" href=\"https:\/\/aetka.de\/blog\/technikratgeber-schulanfang\/\" \/>\n<meta property=\"og:locale\" content=\"de_DE\" \/>\n<meta property=\"og:type\" content=\"article\" \/>\n<meta property=\"og:title\" content=\"Techniktipps f\u00fcrs neue Schuljahr\" \/>\n<meta property=\"og:description\" content=\"Dieser Beitrag stellt Dir Ger\u00e4te vor, die Kinder und Sch\u00fcler beim Lernen optimal unterst\u00fctzen, wie das Samsung Galaxy Tab A8. Mehr lesen!\" \/>\n<meta property=\"og:url\" content=\"https:\/\/aetka.de\/blog\/technikratgeber-schulanfang\/\" \/>\n<meta property=\"og:site_name\" content=\"aetka Blog\" \/>\n<meta property=\"article:publisher\" content=\"https:\/\/www.facebook.com\/aetka.ag\" \/>\n<meta property=\"article:published_time\" content=\"2022-07-27T12:14:41+00:00\" \/>\n<meta property=\"article:modified_time\" content=\"2022-08-26T07:23:00+00:00\" \/>\n<meta property=\"og:image\" content=\"https:\/\/aetka.de\/blog\/wp-content\/uploads\/2022\/07\/schulanfang-aetka-blog.jpg\" \/>\n\t<meta property=\"og:image:width\" content=\"800\" \/>\n\t<meta property=\"og:image:height\" content=\"400\" \/>\n\t<meta property=\"og:image:type\" content=\"image\/jpeg\" \/>\n<meta name=\"author\" content=\"Chris Illmer\" \/>\n<meta name=\"twitter:card\" content=\"summary_large_image\" \/>\n<meta name=\"twitter:creator\" content=\"@aetka\" \/>\n<meta name=\"twitter:site\" content=\"@aetka\" \/>\n<meta name=\"twitter:label1\" content=\"Verfasst von\" \/>\n\t<meta name=\"twitter:data1\" content=\"Chris Illmer\" \/>\n\t<meta name=\"twitter:label2\" content=\"Gesch\u00e4tzte Lesezeit\" \/>\n\t<meta name=\"twitter:data2\" content=\"12\u00a0Minuten\" \/>\n<script type=\"application\/ld+json\" class=\"yoast-schema-graph\">{\"@context\":\"https:\\\/\\\/schema.org\",\"@graph\":[{\"@type\":\"Article\",\"@id\":\"https:\\\/\\\/aetka.de\\\/blog\\\/technikratgeber-schulanfang\\\/#article\",\"isPartOf\":{\"@id\":\"https:\\\/\\\/aetka.de\\\/blog\\\/technikratgeber-schulanfang\\\/\"},\"author\":{\"name\":\"Chris Illmer\",\"@id\":\"https:\\\/\\\/aetka.de\\\/blog\\\/#\\\/schema\\\/person\\\/3bb6f3fc8b57c59c3fdf9274d12ffc88\"},\"headline\":\"Techniktipps f\u00fcr Eltern, Sch\u00fcler und Sch\u00fclerinnen\",\"datePublished\":\"2022-07-27T12:14:41+00:00\",\"dateModified\":\"2022-08-26T07:23:00+00:00\",\"mainEntityOfPage\":{\"@id\":\"https:\\\/\\\/aetka.de\\\/blog\\\/technikratgeber-schulanfang\\\/\"},\"wordCount\":1879,\"commentCount\":0,\"image\":{\"@id\":\"https:\\\/\\\/aetka.de\\\/blog\\\/technikratgeber-schulanfang\\\/#primaryimage\"},\"thumbnailUrl\":\"https:\\\/\\\/aetka.de\\\/blog\\\/wp-content\\\/uploads\\\/2022\\\/07\\\/schulanfang-aetka-blog.jpg\",\"inLanguage\":\"de\",\"potentialAction\":[{\"@type\":\"CommentAction\",\"name\":\"Comment\",\"target\":[\"https:\\\/\\\/aetka.de\\\/blog\\\/technikratgeber-schulanfang\\\/#respond\"]}]},{\"@type\":\"WebPage\",\"@id\":\"https:\\\/\\\/aetka.de\\\/blog\\\/technikratgeber-schulanfang\\\/\",\"url\":\"https:\\\/\\\/aetka.de\\\/blog\\\/technikratgeber-schulanfang\\\/\",\"name\":\"Techniktipps f\u00fcrs neue Schuljahr\",\"isPartOf\":{\"@id\":\"https:\\\/\\\/aetka.de\\\/blog\\\/#website\"},\"primaryImageOfPage\":{\"@id\":\"https:\\\/\\\/aetka.de\\\/blog\\\/technikratgeber-schulanfang\\\/#primaryimage\"},\"image\":{\"@id\":\"https:\\\/\\\/aetka.de\\\/blog\\\/technikratgeber-schulanfang\\\/#primaryimage\"},\"thumbnailUrl\":\"https:\\\/\\\/aetka.de\\\/blog\\\/wp-content\\\/uploads\\\/2022\\\/07\\\/schulanfang-aetka-blog.jpg\",\"datePublished\":\"2022-07-27T12:14:41+00:00\",\"dateModified\":\"2022-08-26T07:23:00+00:00\",\"author\":{\"@id\":\"https:\\\/\\\/aetka.de\\\/blog\\\/#\\\/schema\\\/person\\\/3bb6f3fc8b57c59c3fdf9274d12ffc88\"},\"description\":\"Dieser Beitrag stellt Dir Ger\u00e4te vor, die Kinder und Sch\u00fcler beim Lernen optimal unterst\u00fctzen, wie das Samsung Galaxy Tab A8. Mehr lesen!\",\"breadcrumb\":{\"@id\":\"https:\\\/\\\/aetka.de\\\/blog\\\/technikratgeber-schulanfang\\\/#breadcrumb\"},\"inLanguage\":\"de\",\"potentialAction\":[{\"@type\":\"ReadAction\",\"target\":[\"https:\\\/\\\/aetka.de\\\/blog\\\/technikratgeber-schulanfang\\\/\"]}]},{\"@type\":\"ImageObject\",\"inLanguage\":\"de\",\"@id\":\"https:\\\/\\\/aetka.de\\\/blog\\\/technikratgeber-schulanfang\\\/#primaryimage\",\"url\":\"https:\\\/\\\/aetka.de\\\/blog\\\/wp-content\\\/uploads\\\/2022\\\/07\\\/schulanfang-aetka-blog.jpg\",\"contentUrl\":\"https:\\\/\\\/aetka.de\\\/blog\\\/wp-content\\\/uploads\\\/2022\\\/07\\\/schulanfang-aetka-blog.jpg\",\"width\":800,\"height\":400,\"caption\":\"Schulanfang aetka Blog\"},{\"@type\":\"BreadcrumbList\",\"@id\":\"https:\\\/\\\/aetka.de\\\/blog\\\/technikratgeber-schulanfang\\\/#breadcrumb\",\"itemListElement\":[{\"@type\":\"ListItem\",\"position\":1,\"name\":\"Startseite\",\"item\":\"https:\\\/\\\/aetka.de\\\/blog\\\/\"},{\"@type\":\"ListItem\",\"position\":2,\"name\":\"Techniktipps f\u00fcr Eltern, Sch\u00fcler und Sch\u00fclerinnen\"}]},{\"@type\":\"WebSite\",\"@id\":\"https:\\\/\\\/aetka.de\\\/blog\\\/#website\",\"url\":\"https:\\\/\\\/aetka.de\\\/blog\\\/\",\"name\":\"aetka Blog\",\"description\":\"\",\"potentialAction\":[{\"@type\":\"SearchAction\",\"target\":{\"@type\":\"EntryPoint\",\"urlTemplate\":\"https:\\\/\\\/aetka.de\\\/blog\\\/?s={search_term_string}\"},\"query-input\":{\"@type\":\"PropertyValueSpecification\",\"valueRequired\":true,\"valueName\":\"search_term_string\"}}],\"inLanguage\":\"de\"},{\"@type\":\"Person\",\"@id\":\"https:\\\/\\\/aetka.de\\\/blog\\\/#\\\/schema\\\/person\\\/3bb6f3fc8b57c59c3fdf9274d12ffc88\",\"name\":\"Chris Illmer\",\"image\":{\"@type\":\"ImageObject\",\"inLanguage\":\"de\",\"@id\":\"https:\\\/\\\/aetka.de\\\/blog\\\/wp-content\\\/uploads\\\/2021\\\/11\\\/avatar_user_89_1637141109-96x96.jpg\",\"url\":\"https:\\\/\\\/aetka.de\\\/blog\\\/wp-content\\\/uploads\\\/2021\\\/11\\\/avatar_user_89_1637141109-96x96.jpg\",\"contentUrl\":\"https:\\\/\\\/aetka.de\\\/blog\\\/wp-content\\\/uploads\\\/2021\\\/11\\\/avatar_user_89_1637141109-96x96.jpg\",\"caption\":\"Chris Illmer\"}}]}<\/script>\n<!-- \/ Yoast SEO plugin. -->","yoast_head_json":{"title":"Techniktipps f\u00fcrs neue Schuljahr","description":"Dieser Beitrag stellt Dir Ger\u00e4te vor, die Kinder und Sch\u00fcler beim Lernen optimal unterst\u00fctzen, wie das Samsung Galaxy Tab A8. Mehr lesen!","robots":{"index":"index","follow":"follow","max-snippet":"max-snippet:-1","max-image-preview":"max-image-preview:large","max-video-preview":"max-video-preview:-1"},"canonical":"https:\/\/aetka.de\/blog\/technikratgeber-schulanfang\/","og_locale":"de_DE","og_type":"article","og_title":"Techniktipps f\u00fcrs neue Schuljahr","og_description":"Dieser Beitrag stellt Dir Ger\u00e4te vor, die Kinder und Sch\u00fcler beim Lernen optimal unterst\u00fctzen, wie das Samsung Galaxy Tab A8. Mehr lesen!","og_url":"https:\/\/aetka.de\/blog\/technikratgeber-schulanfang\/","og_site_name":"aetka Blog","article_publisher":"https:\/\/www.facebook.com\/aetka.ag","article_published_time":"2022-07-27T12:14:41+00:00","article_modified_time":"2022-08-26T07:23:00+00:00","og_image":[{"width":800,"height":400,"url":"https:\/\/aetka.de\/blog\/wp-content\/uploads\/2022\/07\/schulanfang-aetka-blog.jpg","type":"image\/jpeg"}],"author":"Chris Illmer","twitter_card":"summary_large_image","twitter_creator":"@aetka","twitter_site":"@aetka","twitter_misc":{"Verfasst von":"Chris Illmer","Gesch\u00e4tzte Lesezeit":"12\u00a0Minuten"},"schema":{"@context":"https:\/\/schema.org","@graph":[{"@type":"Article","@id":"https:\/\/aetka.de\/blog\/technikratgeber-schulanfang\/#article","isPartOf":{"@id":"https:\/\/aetka.de\/blog\/technikratgeber-schulanfang\/"},"author":{"name":"Chris Illmer","@id":"https:\/\/aetka.de\/blog\/#\/schema\/person\/3bb6f3fc8b57c59c3fdf9274d12ffc88"},"headline":"Techniktipps f\u00fcr Eltern, Sch\u00fcler und Sch\u00fclerinnen","datePublished":"2022-07-27T12:14:41+00:00","dateModified":"2022-08-26T07:23:00+00:00","mainEntityOfPage":{"@id":"https:\/\/aetka.de\/blog\/technikratgeber-schulanfang\/"},"wordCount":1879,"commentCount":0,"image":{"@id":"https:\/\/aetka.de\/blog\/technikratgeber-schulanfang\/#primaryimage"},"thumbnailUrl":"https:\/\/aetka.de\/blog\/wp-content\/uploads\/2022\/07\/schulanfang-aetka-blog.jpg","inLanguage":"de","potentialAction":[{"@type":"CommentAction","name":"Comment","target":["https:\/\/aetka.de\/blog\/technikratgeber-schulanfang\/#respond"]}]},{"@type":"WebPage","@id":"https:\/\/aetka.de\/blog\/technikratgeber-schulanfang\/","url":"https:\/\/aetka.de\/blog\/technikratgeber-schulanfang\/","name":"Techniktipps f\u00fcrs neue Schuljahr","isPartOf":{"@id":"https:\/\/aetka.de\/blog\/#website"},"primaryImageOfPage":{"@id":"https:\/\/aetka.de\/blog\/technikratgeber-schulanfang\/#primaryimage"},"image":{"@id":"https:\/\/aetka.de\/blog\/technikratgeber-schulanfang\/#primaryimage"},"thumbnailUrl":"https:\/\/aetka.de\/blog\/wp-content\/uploads\/2022\/07\/schulanfang-aetka-blog.jpg","datePublished":"2022-07-27T12:14:41+00:00","dateModified":"2022-08-26T07:23:00+00:00","author":{"@id":"https:\/\/aetka.de\/blog\/#\/schema\/person\/3bb6f3fc8b57c59c3fdf9274d12ffc88"},"description":"Dieser Beitrag stellt Dir Ger\u00e4te vor, die Kinder und Sch\u00fcler beim Lernen optimal unterst\u00fctzen, wie das Samsung Galaxy Tab A8. Mehr lesen!","breadcrumb":{"@id":"https:\/\/aetka.de\/blog\/technikratgeber-schulanfang\/#breadcrumb"},"inLanguage":"de","potentialAction":[{"@type":"ReadAction","target":["https:\/\/aetka.de\/blog\/technikratgeber-schulanfang\/"]}]},{"@type":"ImageObject","inLanguage":"de","@id":"https:\/\/aetka.de\/blog\/technikratgeber-schulanfang\/#primaryimage","url":"https:\/\/aetka.de\/blog\/wp-content\/uploads\/2022\/07\/schulanfang-aetka-blog.jpg","contentUrl":"https:\/\/aetka.de\/blog\/wp-content\/uploads\/2022\/07\/schulanfang-aetka-blog.jpg","width":800,"height":400,"caption":"Schulanfang aetka Blog"},{"@type":"BreadcrumbList","@id":"https:\/\/aetka.de\/blog\/technikratgeber-schulanfang\/#breadcrumb","itemListElement":[{"@type":"ListItem","position":1,"name":"Startseite","item":"https:\/\/aetka.de\/blog\/"},{"@type":"ListItem","position":2,"name":"Techniktipps f\u00fcr Eltern, Sch\u00fcler und Sch\u00fclerinnen"}]},{"@type":"WebSite","@id":"https:\/\/aetka.de\/blog\/#website","url":"https:\/\/aetka.de\/blog\/","name":"aetka Blog","description":"","potentialAction":[{"@type":"SearchAction","target":{"@type":"EntryPoint","urlTemplate":"https:\/\/aetka.de\/blog\/?s={search_term_string}"},"query-input":{"@type":"PropertyValueSpecification","valueRequired":true,"valueName":"search_term_string"}}],"inLanguage":"de"},{"@type":"Person","@id":"https:\/\/aetka.de\/blog\/#\/schema\/person\/3bb6f3fc8b57c59c3fdf9274d12ffc88","name":"Chris Illmer","image":{"@type":"ImageObject","inLanguage":"de","@id":"https:\/\/aetka.de\/blog\/wp-content\/uploads\/2021\/11\/avatar_user_89_1637141109-96x96.jpg","url":"https:\/\/aetka.de\/blog\/wp-content\/uploads\/2021\/11\/avatar_user_89_1637141109-96x96.jpg","contentUrl":"https:\/\/aetka.de\/blog\/wp-content\/uploads\/2021\/11\/avatar_user_89_1637141109-96x96.jpg","caption":"Chris Illmer"}}]}},"_links":{"self":[{"href":"https:\/\/aetka.de\/blog\/wp-json\/wp\/v2\/posts\/8290","targetHints":{"allow":["GET"]}}],"collection":[{"href":"https:\/\/aetka.de\/blog\/wp-json\/wp\/v2\/posts"}],"about":[{"href":"https:\/\/aetka.de\/blog\/wp-json\/wp\/v2\/types\/post"}],"author":[{"embeddable":true,"href":"https:\/\/aetka.de\/blog\/wp-json\/wp\/v2\/users\/89"}],"replies":[{"embeddable":true,"href":"https:\/\/aetka.de\/blog\/wp-json\/wp\/v2\/comments?post=8290"}],"version-history":[{"count":12,"href":"https:\/\/aetka.de\/blog\/wp-json\/wp\/v2\/posts\/8290\/revisions"}],"predecessor-version":[{"id":8591,"href":"https:\/\/aetka.de\/blog\/wp-json\/wp\/v2\/posts\/8290\/revisions\/8591"}],"wp:featuredmedia":[{"embeddable":true,"href":"https:\/\/aetka.de\/blog\/wp-json\/wp\/v2\/media\/8304"}],"wp:attachment":[{"href":"https:\/\/aetka.de\/blog\/wp-json\/wp\/v2\/media?parent=8290"}],"wp:term":[{"taxonomy":"category","embeddable":true,"href":"https:\/\/aetka.de\/blog\/wp-json\/wp\/v2\/categories?post=8290"},{"taxonomy":"post_tag","embeddable":true,"href":"https:\/\/aetka.de\/blog\/wp-json\/wp\/v2\/tags?post=8290"}],"curies":[{"name":"wp","href":"https:\/\/api.w.org\/{rel}","templated":true}]}}