{"id":7101,"date":"2021-04-07T15:30:01","date_gmt":"2021-04-07T13:30:01","guid":{"rendered":"https:\/\/aetka.de\/blog\/?p=7101"},"modified":"2021-04-07T15:30:01","modified_gmt":"2021-04-07T13:30:01","slug":"samsung-galaxy-buds-pro","status":"publish","type":"post","link":"https:\/\/aetka.de\/blog\/samsung-galaxy-buds-pro\/","title":{"rendered":"Samsung Galaxy Buds Pro \u2013 Perfekter Klang und lange Laufzeit in kompakter Form"},"content":{"rendered":"<p><strong>Seit dem 29. Januar dieses Jahres sind die Samsung Galaxy Buds Pro bei uns, im deutschen Markt, erh\u00e4ltlich. Ich habe die In-Ear Kopfh\u00f6rer f\u00fcr Sie getestet und werde Ihnen im Folgenden von meinen Erfahrungen damit berichten.<\/strong><!--more--><\/p>\n<h2>Galaxy Buds Pro: Technische Daten<\/h2>\n<p>Zuerst will Ich Ihnen die technischen Daten der Buds Pro nahebringen. Ein einzelner der Buds wiegt 6,3g und tr\u00e4gt somit zum entspannten Tragekomfort bei. Das Gewicht ist weder st\u00f6rend, noch ist es so leicht, dass man von einer minderen Qualit\u00e4t ausgehen w\u00fcrde.<\/p>\n<div id=\"attachment_7109\" style=\"width: 570px\" class=\"wp-caption aligncenter\"><img decoding=\"async\" aria-describedby=\"caption-attachment-7109\" class=\"size-full wp-image-7109\" src=\"https:\/\/aetka.de\/blog\/wp-content\/uploads\/2021\/04\/galaxy-buds-pro-mit-etui.jpg\" alt=\"Galaxy Buds Pro mit Ladecase\" width=\"560\" height=\"700\" srcset=\"https:\/\/aetka.de\/blog\/wp-content\/uploads\/2021\/04\/galaxy-buds-pro-mit-etui.jpg 560w, https:\/\/aetka.de\/blog\/wp-content\/uploads\/2021\/04\/galaxy-buds-pro-mit-etui-240x300.jpg 240w, https:\/\/aetka.de\/blog\/wp-content\/uploads\/2021\/04\/galaxy-buds-pro-mit-etui-400x500.jpg 400w\" sizes=\"(max-width: 560px) 100vw, 560px\" \/><p id=\"caption-attachment-7109\" class=\"wp-caption-text\">Das Ladecase passt perfekt in die Hosentasche<\/p><\/div>\n<p>Das Ladecase der Kopfh\u00f6rer wiegt 44,9g und ist mit seiner quadratischen Form perfekt f\u00fcr jede Hosentasche geeignet, ohne dabei st\u00f6rend aufzufallen. Sie k\u00f6nnen das Case sowohl mit einem USB-C Kabel, als auch kabellos \u00fcber eine induktive Ladestation aufladen. Die Laufzeit der Kopfh\u00f6rer betr\u00e4gt bis zu 8 Stunden (bis zu 5 Stunden mit aktivierter Ger\u00e4uschunterdr\u00fcckung). Die komplette Laufzeit inkl. der Leistung des Ladecases betr\u00e4gt bis zu 28 Stunden (18 Stunden). Die Kopfh\u00f6rer sind mit der Schutzart IPX7 ausgestattet. Das hei\u00dft sie sind wasserdicht bis zu einem Meter, bis zu einer halben Stunde.<\/p>\n<h2>Tragekomfort der neuen Samsung-Kopfh\u00f6rer<\/h2>\n<p>Neben der angenehmen Passform tr\u00e4gt das geringe Gewicht der Kopfh\u00f6rer zu einem angenehmen Tragekomfort bei. Die Form der Kopfh\u00f6rer passt sich perfekt der Ohrmuschel an. Sollten die Kopfh\u00f6rer tats\u00e4chlich einmal nicht passen, werden von Samsung Ohrst\u00f6psel in 2 weiteren Gr\u00f6\u00dfen mitgeliefert, so k\u00f6nnen Sie sicher sein, dass die Buds Pro wirklich in jedem Ohr angenehm und sicher sitzen. Auch beim Joggen, oder im Home-Workout sa\u00dfen die Kopfh\u00f6rer ohne Probleme und gaben dabei immer noch perfekten Sound von sich.<\/p>\n<h2>Funktionen der Galaxy Buds Pro<\/h2>\n<p>Um die Kopfh\u00f6rer zu benutzen, m\u00fcssen Sie zun\u00e4chst die Galaxy Wearable \u2013 App herunterladen und anschlie\u00dfend das Galaxy Buds Pro Plug-In installieren. Die App ist sowohl in Apples App-Store als auch f\u00fcr Android erh\u00e4ltlich. In der App verbinden Sie nun die Kopfh\u00f6rer mit Ihrem Handy. Hier haben Sie nun viele verschiedene M\u00f6glichkeiten zur Konfigurierung Ihrer Kopfh\u00f6rer. Sie k\u00f6nnen die Klangdynamik einstellen, also ob Sie z.B. eher klar, oder basslastig h\u00f6ren m\u00f6chten.<\/p>\n<div id=\"attachment_7108\" style=\"width: 710px\" class=\"wp-caption aligncenter\"><img decoding=\"async\" aria-describedby=\"caption-attachment-7108\" class=\"size-full wp-image-7108\" src=\"https:\/\/aetka.de\/blog\/wp-content\/uploads\/2021\/04\/galaxy-buds-pro-etui.jpg\" alt=\"Galaxy Buds Pro\" width=\"700\" height=\"560\" srcset=\"https:\/\/aetka.de\/blog\/wp-content\/uploads\/2021\/04\/galaxy-buds-pro-etui.jpg 700w, https:\/\/aetka.de\/blog\/wp-content\/uploads\/2021\/04\/galaxy-buds-pro-etui-300x240.jpg 300w, https:\/\/aetka.de\/blog\/wp-content\/uploads\/2021\/04\/galaxy-buds-pro-etui-400x320.jpg 400w\" sizes=\"(max-width: 700px) 100vw, 700px\" \/><p id=\"caption-attachment-7108\" class=\"wp-caption-text\">\u00dcber die Galaxy Wearable App k\u00f6nnen Sie einstellen, welche Funktion z.B. eine bestimmte Ber\u00fchrung ausl\u00f6sen soll<\/p><\/div>\n<p>Des Weiteren k\u00f6nnen Sie einstellen, ob die Touchfl\u00e4chen der Kopfh\u00f6rer, aktiviert werden sollen, oder festlegen welche Aktionen bei Ber\u00fchren der Touchbereiche ausgef\u00fchrt werden sollen. Sie k\u00f6nnen auch festlegen, ob die Ger\u00e4uschunterdr\u00fcckung an\/aus sein soll, bzw. ob Sie in den Konversationsmodus wechseln wollen. Dieser erm\u00f6glicht es Ihnen Musik zu h\u00f6ren, w\u00e4hrend gleichzeitig die Umgebungsger\u00e4usche aufgenommen und verst\u00e4rkt \u00fcber Ihre Kopfh\u00f6rer wiedergegeben werden. So k\u00f6nnen Sie, ganz \u00e4hnlich zu einem H\u00f6rger\u00e4t, gleichzeitig Ihre Musik h\u00f6ren und verstehen trotzdem jedes Wort glasklar. Sie k\u00f6nnen die Lautst\u00e4rke der Umgebungsger\u00e4usche, in diesem Modus in 4 verschiedenen Stufen aktivieren.<\/p>\n<h2>Das Wichtigste: Der Klang<\/h2>\n<p>Das Wichtigste zum Schluss: Der Sound der Kopfh\u00f6rer. Der Klang der Galaxy Buds Pro ist ausgezeichnet. Die M\u00f6glichkeit verschiedene Klangdynamiken einzustellen, hilft dabei f\u00fcr jede Art von Musik die richtige Einstellung zu finden. Im Test zeigte sich, dass die Kopfh\u00f6rer, sowohl klassische Lieder mit viel Bezug auf die Klarheit der T\u00f6ne, im hohen Klangbereich, als auch Songs mit starkem Bass, perfekt wiedergeben. Die Stereo-Funktion unterst\u00fctzt hier f\u00fcr ein perfektes Sounderlebnis zu sorgen.<\/p>\n<div id=\"attachment_7107\" style=\"width: 570px\" class=\"wp-caption aligncenter\"><img decoding=\"async\" aria-describedby=\"caption-attachment-7107\" class=\"size-full wp-image-7107\" src=\"https:\/\/aetka.de\/blog\/wp-content\/uploads\/2021\/04\/galaxy-buds-pro-smarttag.jpg\" alt=\"Galaxy Buds Pro und Smart Tag\" width=\"560\" height=\"700\" srcset=\"https:\/\/aetka.de\/blog\/wp-content\/uploads\/2021\/04\/galaxy-buds-pro-smarttag.jpg 560w, https:\/\/aetka.de\/blog\/wp-content\/uploads\/2021\/04\/galaxy-buds-pro-smarttag-240x300.jpg 240w, https:\/\/aetka.de\/blog\/wp-content\/uploads\/2021\/04\/galaxy-buds-pro-smarttag-400x500.jpg 400w\" sizes=\"(max-width: 560px) 100vw, 560px\" \/><p id=\"caption-attachment-7107\" class=\"wp-caption-text\">Die Galaxy Buds Pro und das<a href=\"https:\/\/aetka.de\/blog\/samsung-galaxy-smarttag\/\" target=\"_blank\" rel=\"noopener\"> Smart Tag<\/a> geh\u00f6ren zum neuen Zubeh\u00f6r, welches Samsung seit dem <a href=\"https:\/\/aetka.de\/blog\/samsung-galaxy-s21\/\" target=\"_blank\" rel=\"noopener\">Galaxy S21-Launch<\/a> mit im Angebot hat<\/p><\/div>\n<p>Die Buds Pro k\u00f6nnen auch als Headset genutzt werden. Ich war \u00fcberrascht, wie gut dies tats\u00e4chlich funktioniert hat. Sie verstehen Ihr Gegen\u00fcber klar und deutlich, dabei ist es unabh\u00e4ngig davon, ob Sie an einem belebten Ort, oder zuhause in der Wohnung telefonieren. Das Sch\u00f6ne ist, dass es andersrum genauso ist. Nach R\u00fcckfragen bei Gespr\u00e4chspartnern wurde mir best\u00e4tigt, dass jedes Wort klar und deutlich zu verstehen war.<\/p>\n<h2>Fazit zu den Galaxy Buds Pro<\/h2>\n<p>Die Galaxy Buds Pro sind mit einem Listenpreis von 229\u20ac, zwar weit von einem Schn\u00e4ppchen entfernt, wenn Sie jedoch, wie Ich, ein begeisterter Musikh\u00f6rer sind, oder die Kopfh\u00f6rer auch zum Arbeiten nutzen wollen, kann Ich Ihnen den Erwerb der Buds Pro definitiv empfehlen. Der Klang ist ausgezeichnet. Die Buds Pro \u00fcberzeugen sowohl mit sattem Bass, als auch mit klaren H\u00f6hen. Die Kopfh\u00f6rer sitzen auch nach mehreren Stunden noch angenehm im Ohr. Sie k\u00f6nnen Ihr H\u00f6rerlebnis und die Funktionen der Kopfh\u00f6rer komplett individualisieren und Sie k\u00f6nnen (inkl. Ladecase) mehr als 24 Stunden Musik h\u00f6ren.<\/p>\n<p>Das einzige Manko meinerseits ist, dass die Touchfl\u00e4chen teilweise etwas zu empfindlich sind. Dies kann dazu f\u00fchren, dass das Lied, schon bei kurzem Zurechtr\u00fccken der Buds, \u00fcbersprungen, oder pausiert wird. Sie k\u00f6nnen die Touchfunktion deaktivieren, um diesem entgegenzuwirken, m\u00fcssen die komplette Steuerung der Musik dann allerdings wieder \u00fcber Ihr Smartphone vornehmen.<\/p>\n<div id=\"attachment_6801\" style=\"width: 710px\" class=\"wp-caption aligncenter\"><img decoding=\"async\" aria-describedby=\"caption-attachment-6801\" class=\"size-full wp-image-6801\" src=\"https:\/\/aetka.de\/blog\/wp-content\/uploads\/2021\/01\/galaxy-buds-live-bohnenform.jpg\" alt=\"Buds Live Bohnenform\" width=\"700\" height=\"467\" srcset=\"https:\/\/aetka.de\/blog\/wp-content\/uploads\/2021\/01\/galaxy-buds-live-bohnenform.jpg 700w, https:\/\/aetka.de\/blog\/wp-content\/uploads\/2021\/01\/galaxy-buds-live-bohnenform-300x200.jpg 300w, https:\/\/aetka.de\/blog\/wp-content\/uploads\/2021\/01\/galaxy-buds-live-bohnenform-400x267.jpg 400w\" sizes=\"(max-width: 700px) 100vw, 700px\" \/><p id=\"caption-attachment-6801\" class=\"wp-caption-text\">Eine g\u00fcnstigere Alternative zu den Buds Pro: Die Galaxy Buds Live<\/p><\/div>\n<p>Abschlie\u00dfend l\u00e4sst sich sagen, dass die\u00a0 Samsung Galaxy Buds Pro sehr, sehr gute Kopfh\u00f6rer, f\u00fcr einen angemessen Preis sind. Sollte Ihnen allerdings die perfekte Wiedergabe der Klangqualit\u00e4t nicht so wichtig sein, oder Sie generell nur selten Kopfh\u00f6rer nutzen, sind die Buds Pro, durch den, relativ hohen Kaufpreises, vermutlich nicht das richtige f\u00fcr Sie. Hier empfehle ich Ihnen einen Blick auf die g\u00fcnstigeren <a href=\"https:\/\/aetka.de\/blog\/samsung-galaxy-buds-live\/\" target=\"_blank\" rel=\"noopener\">Galaxy Buds Live<\/a>.<\/p>\n","protected":false},"excerpt":{"rendered":"<p>Seit dem 29. Januar dieses Jahres sind die Samsung Galaxy Buds Pro bei uns, im deutschen Markt, erh\u00e4ltlich. Ich habe die In-Ear Kopfh\u00f6rer f\u00fcr Sie getestet und werde Ihnen im Folgenden von meinen Erfahrungen damit berichten.<\/p>\n","protected":false},"author":26,"featured_media":7063,"comment_status":"open","ping_status":"open","sticky":false,"template":"","format":"standard","meta":{"_editorskit_title_hidden":false,"_editorskit_reading_time":0,"_editorskit_is_block_options_detached":false,"_editorskit_block_options_position":"{}","footnotes":""},"categories":[1],"tags":[],"class_list":["post-7101","post","type-post","status-publish","format-standard","has-post-thumbnail","hentry","category-allgemein"],"yoast_head":"<!-- This site is optimized with the Yoast SEO plugin v27.3 - https:\/\/yoast.com\/product\/yoast-seo-wordpress\/ -->\n<title>Samsung Galaxy Buds Pro - Perfekter Klang f\u00fcr den ganzen Tag<\/title>\n<meta name=\"description\" content=\"Samsung Galaxy Buds Pro - Sind sie ihren Preis Wert? Lesen Sie hier, was Sie \u00fcber die neuen Kopfh\u00f6rer von Samsung wissen m\u00fcssen.\" \/>\n<meta name=\"robots\" content=\"index, follow, max-snippet:-1, max-image-preview:large, max-video-preview:-1\" \/>\n<link rel=\"canonical\" href=\"https:\/\/aetka.de\/blog\/samsung-galaxy-buds-pro\/\" \/>\n<meta property=\"og:locale\" content=\"de_DE\" \/>\n<meta property=\"og:type\" content=\"article\" \/>\n<meta property=\"og:title\" content=\"Samsung Galaxy Buds Pro - Perfekter Klang f\u00fcr den ganzen Tag\" \/>\n<meta property=\"og:description\" content=\"Samsung Galaxy Buds Pro - Sind sie ihren Preis Wert? Lesen Sie hier, was Sie \u00fcber die neuen Kopfh\u00f6rer von Samsung wissen m\u00fcssen.\" \/>\n<meta property=\"og:url\" content=\"https:\/\/aetka.de\/blog\/samsung-galaxy-buds-pro\/\" \/>\n<meta property=\"og:site_name\" content=\"aetka Blog\" \/>\n<meta property=\"article:publisher\" content=\"https:\/\/www.facebook.com\/aetka.ag\" \/>\n<meta property=\"article:published_time\" content=\"2021-04-07T13:30:01+00:00\" \/>\n<meta property=\"og:image\" content=\"https:\/\/aetka.de\/blog\/wp-content\/uploads\/2021\/03\/galaxy-smarttag-aetka-blog.jpg\" \/>\n\t<meta property=\"og:image:width\" content=\"800\" \/>\n\t<meta property=\"og:image:height\" content=\"400\" \/>\n\t<meta property=\"og:image:type\" content=\"image\/jpeg\" \/>\n<meta name=\"author\" content=\"Robert Gatnar\" \/>\n<meta name=\"twitter:card\" content=\"summary_large_image\" \/>\n<meta name=\"twitter:creator\" content=\"@aetka\" \/>\n<meta name=\"twitter:site\" content=\"@aetka\" \/>\n<meta name=\"twitter:label1\" content=\"Verfasst von\" \/>\n\t<meta name=\"twitter:data1\" content=\"Robert Gatnar\" \/>\n\t<meta name=\"twitter:label2\" content=\"Gesch\u00e4tzte Lesezeit\" \/>\n\t<meta name=\"twitter:data2\" content=\"5\u00a0Minuten\" \/>\n<script type=\"application\/ld+json\" class=\"yoast-schema-graph\">{\"@context\":\"https:\\\/\\\/schema.org\",\"@graph\":[{\"@type\":\"Article\",\"@id\":\"https:\\\/\\\/aetka.de\\\/blog\\\/samsung-galaxy-buds-pro\\\/#article\",\"isPartOf\":{\"@id\":\"https:\\\/\\\/aetka.de\\\/blog\\\/samsung-galaxy-buds-pro\\\/\"},\"author\":{\"name\":\"Robert Gatnar\",\"@id\":\"https:\\\/\\\/aetka.de\\\/blog\\\/#\\\/schema\\\/person\\\/2db390720813483f33bfec106b183084\"},\"headline\":\"Samsung Galaxy Buds Pro \u2013 Perfekter Klang und lange Laufzeit in kompakter Form\",\"datePublished\":\"2021-04-07T13:30:01+00:00\",\"mainEntityOfPage\":{\"@id\":\"https:\\\/\\\/aetka.de\\\/blog\\\/samsung-galaxy-buds-pro\\\/\"},\"wordCount\":978,\"commentCount\":0,\"image\":{\"@id\":\"https:\\\/\\\/aetka.de\\\/blog\\\/samsung-galaxy-buds-pro\\\/#primaryimage\"},\"thumbnailUrl\":\"https:\\\/\\\/aetka.de\\\/blog\\\/wp-content\\\/uploads\\\/2021\\\/03\\\/galaxy-smarttag-aetka-blog.jpg\",\"inLanguage\":\"de\",\"potentialAction\":[{\"@type\":\"CommentAction\",\"name\":\"Comment\",\"target\":[\"https:\\\/\\\/aetka.de\\\/blog\\\/samsung-galaxy-buds-pro\\\/#respond\"]}]},{\"@type\":\"WebPage\",\"@id\":\"https:\\\/\\\/aetka.de\\\/blog\\\/samsung-galaxy-buds-pro\\\/\",\"url\":\"https:\\\/\\\/aetka.de\\\/blog\\\/samsung-galaxy-buds-pro\\\/\",\"name\":\"Samsung Galaxy Buds Pro - Perfekter Klang f\u00fcr den ganzen Tag\",\"isPartOf\":{\"@id\":\"https:\\\/\\\/aetka.de\\\/blog\\\/#website\"},\"primaryImageOfPage\":{\"@id\":\"https:\\\/\\\/aetka.de\\\/blog\\\/samsung-galaxy-buds-pro\\\/#primaryimage\"},\"image\":{\"@id\":\"https:\\\/\\\/aetka.de\\\/blog\\\/samsung-galaxy-buds-pro\\\/#primaryimage\"},\"thumbnailUrl\":\"https:\\\/\\\/aetka.de\\\/blog\\\/wp-content\\\/uploads\\\/2021\\\/03\\\/galaxy-smarttag-aetka-blog.jpg\",\"datePublished\":\"2021-04-07T13:30:01+00:00\",\"author\":{\"@id\":\"https:\\\/\\\/aetka.de\\\/blog\\\/#\\\/schema\\\/person\\\/2db390720813483f33bfec106b183084\"},\"description\":\"Samsung Galaxy Buds Pro - Sind sie ihren Preis Wert? Lesen Sie hier, was Sie \u00fcber die neuen Kopfh\u00f6rer von Samsung wissen m\u00fcssen.\",\"breadcrumb\":{\"@id\":\"https:\\\/\\\/aetka.de\\\/blog\\\/samsung-galaxy-buds-pro\\\/#breadcrumb\"},\"inLanguage\":\"de\",\"potentialAction\":[{\"@type\":\"ReadAction\",\"target\":[\"https:\\\/\\\/aetka.de\\\/blog\\\/samsung-galaxy-buds-pro\\\/\"]}]},{\"@type\":\"ImageObject\",\"inLanguage\":\"de\",\"@id\":\"https:\\\/\\\/aetka.de\\\/blog\\\/samsung-galaxy-buds-pro\\\/#primaryimage\",\"url\":\"https:\\\/\\\/aetka.de\\\/blog\\\/wp-content\\\/uploads\\\/2021\\\/03\\\/galaxy-smarttag-aetka-blog.jpg\",\"contentUrl\":\"https:\\\/\\\/aetka.de\\\/blog\\\/wp-content\\\/uploads\\\/2021\\\/03\\\/galaxy-smarttag-aetka-blog.jpg\",\"width\":800,\"height\":400,\"caption\":\"Samsung Galaxy SmartTag Buds Pro aetka Blog\"},{\"@type\":\"BreadcrumbList\",\"@id\":\"https:\\\/\\\/aetka.de\\\/blog\\\/samsung-galaxy-buds-pro\\\/#breadcrumb\",\"itemListElement\":[{\"@type\":\"ListItem\",\"position\":1,\"name\":\"Startseite\",\"item\":\"https:\\\/\\\/aetka.de\\\/blog\\\/\"},{\"@type\":\"ListItem\",\"position\":2,\"name\":\"Samsung Galaxy Buds Pro \u2013 Perfekter Klang und lange Laufzeit in kompakter Form\"}]},{\"@type\":\"WebSite\",\"@id\":\"https:\\\/\\\/aetka.de\\\/blog\\\/#website\",\"url\":\"https:\\\/\\\/aetka.de\\\/blog\\\/\",\"name\":\"aetka Blog\",\"description\":\"\",\"potentialAction\":[{\"@type\":\"SearchAction\",\"target\":{\"@type\":\"EntryPoint\",\"urlTemplate\":\"https:\\\/\\\/aetka.de\\\/blog\\\/?s={search_term_string}\"},\"query-input\":{\"@type\":\"PropertyValueSpecification\",\"valueRequired\":true,\"valueName\":\"search_term_string\"}}],\"inLanguage\":\"de\"},{\"@type\":\"Person\",\"@id\":\"https:\\\/\\\/aetka.de\\\/blog\\\/#\\\/schema\\\/person\\\/2db390720813483f33bfec106b183084\",\"name\":\"Robert Gatnar\",\"image\":{\"@type\":\"ImageObject\",\"inLanguage\":\"de\",\"@id\":\"https:\\\/\\\/secure.gravatar.com\\\/avatar\\\/1d56f22d826b7b46c1b2e3813fed04c46303a93f4b7c89ddc5042a9c726ad54c?s=96&d=blank&r=g\",\"url\":\"https:\\\/\\\/secure.gravatar.com\\\/avatar\\\/1d56f22d826b7b46c1b2e3813fed04c46303a93f4b7c89ddc5042a9c726ad54c?s=96&d=blank&r=g\",\"contentUrl\":\"https:\\\/\\\/secure.gravatar.com\\\/avatar\\\/1d56f22d826b7b46c1b2e3813fed04c46303a93f4b7c89ddc5042a9c726ad54c?s=96&d=blank&r=g\",\"caption\":\"Robert Gatnar\"}}]}<\/script>\n<!-- \/ Yoast SEO plugin. -->","yoast_head_json":{"title":"Samsung Galaxy Buds Pro - Perfekter Klang f\u00fcr den ganzen Tag","description":"Samsung Galaxy Buds Pro - Sind sie ihren Preis Wert? Lesen Sie hier, was Sie \u00fcber die neuen Kopfh\u00f6rer von Samsung wissen m\u00fcssen.","robots":{"index":"index","follow":"follow","max-snippet":"max-snippet:-1","max-image-preview":"max-image-preview:large","max-video-preview":"max-video-preview:-1"},"canonical":"https:\/\/aetka.de\/blog\/samsung-galaxy-buds-pro\/","og_locale":"de_DE","og_type":"article","og_title":"Samsung Galaxy Buds Pro - Perfekter Klang f\u00fcr den ganzen Tag","og_description":"Samsung Galaxy Buds Pro - Sind sie ihren Preis Wert? Lesen Sie hier, was Sie \u00fcber die neuen Kopfh\u00f6rer von Samsung wissen m\u00fcssen.","og_url":"https:\/\/aetka.de\/blog\/samsung-galaxy-buds-pro\/","og_site_name":"aetka Blog","article_publisher":"https:\/\/www.facebook.com\/aetka.ag","article_published_time":"2021-04-07T13:30:01+00:00","og_image":[{"width":800,"height":400,"url":"https:\/\/aetka.de\/blog\/wp-content\/uploads\/2021\/03\/galaxy-smarttag-aetka-blog.jpg","type":"image\/jpeg"}],"author":"Robert Gatnar","twitter_card":"summary_large_image","twitter_creator":"@aetka","twitter_site":"@aetka","twitter_misc":{"Verfasst von":"Robert Gatnar","Gesch\u00e4tzte Lesezeit":"5\u00a0Minuten"},"schema":{"@context":"https:\/\/schema.org","@graph":[{"@type":"Article","@id":"https:\/\/aetka.de\/blog\/samsung-galaxy-buds-pro\/#article","isPartOf":{"@id":"https:\/\/aetka.de\/blog\/samsung-galaxy-buds-pro\/"},"author":{"name":"Robert Gatnar","@id":"https:\/\/aetka.de\/blog\/#\/schema\/person\/2db390720813483f33bfec106b183084"},"headline":"Samsung Galaxy Buds Pro \u2013 Perfekter Klang und lange Laufzeit in kompakter Form","datePublished":"2021-04-07T13:30:01+00:00","mainEntityOfPage":{"@id":"https:\/\/aetka.de\/blog\/samsung-galaxy-buds-pro\/"},"wordCount":978,"commentCount":0,"image":{"@id":"https:\/\/aetka.de\/blog\/samsung-galaxy-buds-pro\/#primaryimage"},"thumbnailUrl":"https:\/\/aetka.de\/blog\/wp-content\/uploads\/2021\/03\/galaxy-smarttag-aetka-blog.jpg","inLanguage":"de","potentialAction":[{"@type":"CommentAction","name":"Comment","target":["https:\/\/aetka.de\/blog\/samsung-galaxy-buds-pro\/#respond"]}]},{"@type":"WebPage","@id":"https:\/\/aetka.de\/blog\/samsung-galaxy-buds-pro\/","url":"https:\/\/aetka.de\/blog\/samsung-galaxy-buds-pro\/","name":"Samsung Galaxy Buds Pro - Perfekter Klang f\u00fcr den ganzen Tag","isPartOf":{"@id":"https:\/\/aetka.de\/blog\/#website"},"primaryImageOfPage":{"@id":"https:\/\/aetka.de\/blog\/samsung-galaxy-buds-pro\/#primaryimage"},"image":{"@id":"https:\/\/aetka.de\/blog\/samsung-galaxy-buds-pro\/#primaryimage"},"thumbnailUrl":"https:\/\/aetka.de\/blog\/wp-content\/uploads\/2021\/03\/galaxy-smarttag-aetka-blog.jpg","datePublished":"2021-04-07T13:30:01+00:00","author":{"@id":"https:\/\/aetka.de\/blog\/#\/schema\/person\/2db390720813483f33bfec106b183084"},"description":"Samsung Galaxy Buds Pro - Sind sie ihren Preis Wert? Lesen Sie hier, was Sie \u00fcber die neuen Kopfh\u00f6rer von Samsung wissen m\u00fcssen.","breadcrumb":{"@id":"https:\/\/aetka.de\/blog\/samsung-galaxy-buds-pro\/#breadcrumb"},"inLanguage":"de","potentialAction":[{"@type":"ReadAction","target":["https:\/\/aetka.de\/blog\/samsung-galaxy-buds-pro\/"]}]},{"@type":"ImageObject","inLanguage":"de","@id":"https:\/\/aetka.de\/blog\/samsung-galaxy-buds-pro\/#primaryimage","url":"https:\/\/aetka.de\/blog\/wp-content\/uploads\/2021\/03\/galaxy-smarttag-aetka-blog.jpg","contentUrl":"https:\/\/aetka.de\/blog\/wp-content\/uploads\/2021\/03\/galaxy-smarttag-aetka-blog.jpg","width":800,"height":400,"caption":"Samsung Galaxy SmartTag Buds Pro aetka Blog"},{"@type":"BreadcrumbList","@id":"https:\/\/aetka.de\/blog\/samsung-galaxy-buds-pro\/#breadcrumb","itemListElement":[{"@type":"ListItem","position":1,"name":"Startseite","item":"https:\/\/aetka.de\/blog\/"},{"@type":"ListItem","position":2,"name":"Samsung Galaxy Buds Pro \u2013 Perfekter Klang und lange Laufzeit in kompakter Form"}]},{"@type":"WebSite","@id":"https:\/\/aetka.de\/blog\/#website","url":"https:\/\/aetka.de\/blog\/","name":"aetka Blog","description":"","potentialAction":[{"@type":"SearchAction","target":{"@type":"EntryPoint","urlTemplate":"https:\/\/aetka.de\/blog\/?s={search_term_string}"},"query-input":{"@type":"PropertyValueSpecification","valueRequired":true,"valueName":"search_term_string"}}],"inLanguage":"de"},{"@type":"Person","@id":"https:\/\/aetka.de\/blog\/#\/schema\/person\/2db390720813483f33bfec106b183084","name":"Robert Gatnar","image":{"@type":"ImageObject","inLanguage":"de","@id":"https:\/\/secure.gravatar.com\/avatar\/1d56f22d826b7b46c1b2e3813fed04c46303a93f4b7c89ddc5042a9c726ad54c?s=96&d=blank&r=g","url":"https:\/\/secure.gravatar.com\/avatar\/1d56f22d826b7b46c1b2e3813fed04c46303a93f4b7c89ddc5042a9c726ad54c?s=96&d=blank&r=g","contentUrl":"https:\/\/secure.gravatar.com\/avatar\/1d56f22d826b7b46c1b2e3813fed04c46303a93f4b7c89ddc5042a9c726ad54c?s=96&d=blank&r=g","caption":"Robert Gatnar"}}]}},"_links":{"self":[{"href":"https:\/\/aetka.de\/blog\/wp-json\/wp\/v2\/posts\/7101","targetHints":{"allow":["GET"]}}],"collection":[{"href":"https:\/\/aetka.de\/blog\/wp-json\/wp\/v2\/posts"}],"about":[{"href":"https:\/\/aetka.de\/blog\/wp-json\/wp\/v2\/types\/post"}],"author":[{"embeddable":true,"href":"https:\/\/aetka.de\/blog\/wp-json\/wp\/v2\/users\/26"}],"replies":[{"embeddable":true,"href":"https:\/\/aetka.de\/blog\/wp-json\/wp\/v2\/comments?post=7101"}],"version-history":[{"count":6,"href":"https:\/\/aetka.de\/blog\/wp-json\/wp\/v2\/posts\/7101\/revisions"}],"predecessor-version":[{"id":7112,"href":"https:\/\/aetka.de\/blog\/wp-json\/wp\/v2\/posts\/7101\/revisions\/7112"}],"wp:featuredmedia":[{"embeddable":true,"href":"https:\/\/aetka.de\/blog\/wp-json\/wp\/v2\/media\/7063"}],"wp:attachment":[{"href":"https:\/\/aetka.de\/blog\/wp-json\/wp\/v2\/media?parent=7101"}],"wp:term":[{"taxonomy":"category","embeddable":true,"href":"https:\/\/aetka.de\/blog\/wp-json\/wp\/v2\/categories?post=7101"},{"taxonomy":"post_tag","embeddable":true,"href":"https:\/\/aetka.de\/blog\/wp-json\/wp\/v2\/tags?post=7101"}],"curies":[{"name":"wp","href":"https:\/\/api.w.org\/{rel}","templated":true}]}}