{"id":7046,"date":"2021-03-18T18:55:18","date_gmt":"2021-03-18T16:55:18","guid":{"rendered":"https:\/\/aetka.de\/blog\/?p=7046"},"modified":"2021-03-18T18:55:18","modified_gmt":"2021-03-18T16:55:18","slug":"beginn-3g-abschaltung-telekom","status":"publish","type":"post","link":"https:\/\/aetka.de\/blog\/beginn-3g-abschaltung-telekom\/","title":{"rendered":"Beginn der Abschaltung von 3G bei der Telekom"},"content":{"rendered":"<p><strong>In dieser Woche hat die Telekom in Grenzgebieten zwischen Rheinland-Pfalz und Hessen damit begonnen, das 3G Netz abzuschalten. In diesem Beitrag erkl\u00e4re ich Ihnen die Hintergr\u00fcnde und zeige zus\u00e4tzlich auf, was das f\u00fcr Sie bedeutet.<\/strong><!--more--><\/p>\n<p>Die Abschaltung vom UMTS-Netz hat die Telekom am Montag, den 15. M\u00e4rz gestartet. Dass die <a href=\"https:\/\/aetka.de\/blog\/3g-abschaltung\/\" target=\"_blank\" rel=\"noopener\">3G Abschaltung<\/a> in diesem Jahr kommt, haben Sie vielleicht schon aus verschiedenen Quellen mitbekommen. Diese Abschaltung bedeutet nicht, dass Sie nicht mehr telefonieren k\u00f6nnen \u2013 hier brauchen Sie keine Angst haben. Die Abschaltung betrifft lediglich das mobile Internet, Telefonie und SMS werden hingegen in jedem Fall weiterhin m\u00f6glich sein.<\/p>\n<h2>Hier schaltet die Telekom ab<\/h2>\n<p>Vor wenigen Tagen hat die Deutsche Telekom bekannt gegeben, dass ein vergleichsweiser gro\u00dfer Bereich abgeschaltet wird. Hierbei handelt es sich um Grenzbereiche von Rheinland-Pfalz und Hessen. Betroffen sind so etwa St\u00e4dte wie Koblenz, Bad Ems, Limburg an der Lahn oder auch Montabaur, wo \u00fcbrigens 1&amp;1 seinen Sitz hat. In Summe sprechen wir von 166 Standorten, wo die Telekom 3G abschaltet.<\/p>\n<div id=\"attachment_7047\" style=\"width: 710px\" class=\"wp-caption aligncenter\"><img decoding=\"async\" aria-describedby=\"caption-attachment-7047\" class=\"size-full wp-image-7047\" src=\"https:\/\/aetka.de\/blog\/wp-content\/uploads\/2021\/03\/3g-abschaltung-telekom-karte-koblenz-limburg.jpg\" alt=\"3G Abschaltung Telekom Koblenz Limburg Karte\" width=\"700\" height=\"440\" srcset=\"https:\/\/aetka.de\/blog\/wp-content\/uploads\/2021\/03\/3g-abschaltung-telekom-karte-koblenz-limburg.jpg 700w, https:\/\/aetka.de\/blog\/wp-content\/uploads\/2021\/03\/3g-abschaltung-telekom-karte-koblenz-limburg-300x189.jpg 300w, https:\/\/aetka.de\/blog\/wp-content\/uploads\/2021\/03\/3g-abschaltung-telekom-karte-koblenz-limburg-400x251.jpg 400w\" sizes=\"(max-width: 700px) 100vw, 700px\" \/><p id=\"caption-attachment-7047\" class=\"wp-caption-text\">In der Region Koblenz &#8211; Limburg beginnt die Telekom mit der 3G Abschaltung | Bildquelle: Screenshot Telekom<\/p><\/div>\n<p>Der Grund f\u00fcr die etwas vorfristige Abschaltung l\u00e4sst sich mit aktuellen Tests seitens der Telekom begr\u00fcnden. Im Raum Koblenz\/Limburg m\u00f6chte die Telekom pr\u00fcfen, ob die Deaktivierung funktioniert und alle technischen Komponenten wie erwartet funktionieren. Damit will die Telekom wohl sicherstellen, dass bei der geplanten Abschaltung von 3G im Sommer 2021 alles problemlos funktioniert. Das ist nicht ungew\u00f6hnlich, schlie\u00dflich hat mit Vodafone auch ein anderer Netzbetreiber bereits testweise Abschaltungen vorgenommen. Hier waren Gebiete in Th\u00fcringen betroffen.<\/p>\n<h2>Kein 3G mehr: Brauche ich ein neues Handy?<\/h2>\n<p>Wenn Sie ausschlie\u00dflich telefonieren oder etwa noch kein Smartphone besitzen bzw. ben\u00f6tigen, dann brauchen Sie nichts zu tun. F\u00fcr die mobile Datennutzung wird ggf. allerdings ein neues Ger\u00e4t n\u00f6tig. Betroffen sind beispielsweise beliebte Smartphones wie das iPhone 4\/4S oder das Samsung Galaxy S2\/S3. Auch wenn die Abkehr von gewohnten Ger\u00e4ten vielleicht \u00e4rgerlich ist, erhalten Sie heutzutage bereits f\u00fcr vergleichsweise geringes Geld ein gut ausgestattetes Smartphone. Schauen Sie hierzu gern <a href=\"https:\/\/ebay.us\/om99GB\" target=\"_blank\" rel=\"noopener\">in einem Onlineshop auf ebay<\/a> vorbei.<\/p>\n<h2>Telekom: Durch Abschaltung sogar schneller<\/h2>\n<p>Laut Angaben der Telekom werden Sie die Abschaltung von 3G kaum bemerken, was ich durchaus best\u00e4tigen kann. Die meisten Kunden nutzen heutzutage ausnahmslos 4G (auch als LTE bekannt). Dadurch, dass die Telekom k\u00fcnftig das 3G Netz nicht mehr vorhalten muss, k\u00f6nnen frei gewordene Frequenzen dann f\u00fcr das standardm\u00e4\u00dfige LTE oder 5G \u2013 das Netz der Zukunft \u2013 verwendet werden. Dadurch kann es sein, dass Sie schneller als vorher im mobilen Internet unterwegs sind.<\/p>\n<p><strong>Mehr Informationen zum Thema<\/strong>: <a href=\"https:\/\/aetka.de\/blog\/3g-abschaltung\/\" target=\"_blank\" rel=\"noopener\">3G Abschaltung 2021<\/a><\/p>\n<h2>Mein Fazit<\/h2>\n<p>Alles in allem brauchen Sie keine Angst vor der 3G Abschaltung haben. Die Telekom beginnt nun testweise mit der Deaktivierung von UMTS in ausgew\u00e4hlten Regionen Deutschlands, wobei auch andere Netzbetreiber nachziehen oder sogar schon vorgelegt haben (Vodafone). Ob Sie ein neues Ger\u00e4t brauchen, k\u00f6nnen wir sehr gern f\u00fcr Sie pr\u00fcfen. Schreiben Sie Ihr Handymodell einfach unter diesen Beitrag ins Kommentarfeld.<\/p>\n","protected":false},"excerpt":{"rendered":"<p>In dieser Woche hat die Telekom in Grenzgebieten zwischen Rheinland-Pfalz und Hessen damit begonnen, das 3G Netz abzuschalten. In diesem Beitrag erkl\u00e4re ich Ihnen die Hintergr\u00fcnde und zeige zus\u00e4tzlich auf, was das f\u00fcr Sie bedeutet.<\/p>\n","protected":false},"author":28,"featured_media":7034,"comment_status":"open","ping_status":"open","sticky":false,"template":"","format":"standard","meta":{"_editorskit_title_hidden":false,"_editorskit_reading_time":0,"_editorskit_is_block_options_detached":false,"_editorskit_block_options_position":"{}","footnotes":""},"categories":[1],"tags":[],"class_list":["post-7046","post","type-post","status-publish","format-standard","has-post-thumbnail","hentry","category-allgemein"],"yoast_head":"<!-- This site is optimized with the Yoast SEO plugin v27.3 - https:\/\/yoast.com\/product\/yoast-seo-wordpress\/ -->\n<title>Beginn der Abschaltung von 3G bei der Telekom<\/title>\n<meta name=\"description\" content=\"Die Telekom beginnt in der Region Koblenz - Limburg mit der 3G Abschaltung. Was dahintersteckt, lesen Sie hier!\" \/>\n<meta name=\"robots\" content=\"index, follow, max-snippet:-1, max-image-preview:large, max-video-preview:-1\" \/>\n<link rel=\"canonical\" href=\"https:\/\/aetka.de\/blog\/beginn-3g-abschaltung-telekom\/\" \/>\n<meta property=\"og:locale\" content=\"de_DE\" \/>\n<meta property=\"og:type\" content=\"article\" \/>\n<meta property=\"og:title\" content=\"Beginn der Abschaltung von 3G bei der Telekom\" \/>\n<meta property=\"og:description\" content=\"Die Telekom beginnt in der Region Koblenz - Limburg mit der 3G Abschaltung. Was dahintersteckt, lesen Sie hier!\" \/>\n<meta property=\"og:url\" content=\"https:\/\/aetka.de\/blog\/beginn-3g-abschaltung-telekom\/\" \/>\n<meta property=\"og:site_name\" content=\"aetka Blog\" \/>\n<meta property=\"article:publisher\" content=\"https:\/\/www.facebook.com\/aetka.ag\" \/>\n<meta property=\"article:published_time\" content=\"2021-03-18T16:55:18+00:00\" \/>\n<meta property=\"og:image\" content=\"https:\/\/aetka.de\/blog\/wp-content\/uploads\/2021\/03\/3g-abschaltung-aetka-blog.jpg\" \/>\n\t<meta property=\"og:image:width\" content=\"800\" \/>\n\t<meta property=\"og:image:height\" content=\"400\" \/>\n\t<meta property=\"og:image:type\" content=\"image\/jpeg\" \/>\n<meta name=\"author\" content=\"Stefan Maus\" \/>\n<meta name=\"twitter:card\" content=\"summary_large_image\" \/>\n<meta name=\"twitter:creator\" content=\"@aetka\" \/>\n<meta name=\"twitter:site\" content=\"@aetka\" \/>\n<meta name=\"twitter:label1\" content=\"Verfasst von\" \/>\n\t<meta name=\"twitter:data1\" content=\"Stefan Maus\" \/>\n\t<meta name=\"twitter:label2\" content=\"Gesch\u00e4tzte Lesezeit\" \/>\n\t<meta name=\"twitter:data2\" content=\"3\u00a0Minuten\" \/>\n<script type=\"application\/ld+json\" class=\"yoast-schema-graph\">{\"@context\":\"https:\\\/\\\/schema.org\",\"@graph\":[{\"@type\":\"Article\",\"@id\":\"https:\\\/\\\/aetka.de\\\/blog\\\/beginn-3g-abschaltung-telekom\\\/#article\",\"isPartOf\":{\"@id\":\"https:\\\/\\\/aetka.de\\\/blog\\\/beginn-3g-abschaltung-telekom\\\/\"},\"author\":{\"name\":\"Stefan Maus\",\"@id\":\"https:\\\/\\\/aetka.de\\\/blog\\\/#\\\/schema\\\/person\\\/9264baddfc3b77f933935aa447a0be42\"},\"headline\":\"Beginn der Abschaltung von 3G bei der Telekom\",\"datePublished\":\"2021-03-18T16:55:18+00:00\",\"mainEntityOfPage\":{\"@id\":\"https:\\\/\\\/aetka.de\\\/blog\\\/beginn-3g-abschaltung-telekom\\\/\"},\"wordCount\":529,\"commentCount\":0,\"image\":{\"@id\":\"https:\\\/\\\/aetka.de\\\/blog\\\/beginn-3g-abschaltung-telekom\\\/#primaryimage\"},\"thumbnailUrl\":\"https:\\\/\\\/aetka.de\\\/blog\\\/wp-content\\\/uploads\\\/2021\\\/03\\\/3g-abschaltung-aetka-blog.jpg\",\"inLanguage\":\"de\",\"potentialAction\":[{\"@type\":\"CommentAction\",\"name\":\"Comment\",\"target\":[\"https:\\\/\\\/aetka.de\\\/blog\\\/beginn-3g-abschaltung-telekom\\\/#respond\"]}]},{\"@type\":\"WebPage\",\"@id\":\"https:\\\/\\\/aetka.de\\\/blog\\\/beginn-3g-abschaltung-telekom\\\/\",\"url\":\"https:\\\/\\\/aetka.de\\\/blog\\\/beginn-3g-abschaltung-telekom\\\/\",\"name\":\"Beginn der Abschaltung von 3G bei der Telekom\",\"isPartOf\":{\"@id\":\"https:\\\/\\\/aetka.de\\\/blog\\\/#website\"},\"primaryImageOfPage\":{\"@id\":\"https:\\\/\\\/aetka.de\\\/blog\\\/beginn-3g-abschaltung-telekom\\\/#primaryimage\"},\"image\":{\"@id\":\"https:\\\/\\\/aetka.de\\\/blog\\\/beginn-3g-abschaltung-telekom\\\/#primaryimage\"},\"thumbnailUrl\":\"https:\\\/\\\/aetka.de\\\/blog\\\/wp-content\\\/uploads\\\/2021\\\/03\\\/3g-abschaltung-aetka-blog.jpg\",\"datePublished\":\"2021-03-18T16:55:18+00:00\",\"author\":{\"@id\":\"https:\\\/\\\/aetka.de\\\/blog\\\/#\\\/schema\\\/person\\\/9264baddfc3b77f933935aa447a0be42\"},\"description\":\"Die Telekom beginnt in der Region Koblenz - Limburg mit der 3G Abschaltung. Was dahintersteckt, lesen Sie hier!\",\"breadcrumb\":{\"@id\":\"https:\\\/\\\/aetka.de\\\/blog\\\/beginn-3g-abschaltung-telekom\\\/#breadcrumb\"},\"inLanguage\":\"de\",\"potentialAction\":[{\"@type\":\"ReadAction\",\"target\":[\"https:\\\/\\\/aetka.de\\\/blog\\\/beginn-3g-abschaltung-telekom\\\/\"]}]},{\"@type\":\"ImageObject\",\"inLanguage\":\"de\",\"@id\":\"https:\\\/\\\/aetka.de\\\/blog\\\/beginn-3g-abschaltung-telekom\\\/#primaryimage\",\"url\":\"https:\\\/\\\/aetka.de\\\/blog\\\/wp-content\\\/uploads\\\/2021\\\/03\\\/3g-abschaltung-aetka-blog.jpg\",\"contentUrl\":\"https:\\\/\\\/aetka.de\\\/blog\\\/wp-content\\\/uploads\\\/2021\\\/03\\\/3g-abschaltung-aetka-blog.jpg\",\"width\":800,\"height\":400,\"caption\":\"3G Abschaltung Infos aetka\"},{\"@type\":\"BreadcrumbList\",\"@id\":\"https:\\\/\\\/aetka.de\\\/blog\\\/beginn-3g-abschaltung-telekom\\\/#breadcrumb\",\"itemListElement\":[{\"@type\":\"ListItem\",\"position\":1,\"name\":\"Startseite\",\"item\":\"https:\\\/\\\/aetka.de\\\/blog\\\/\"},{\"@type\":\"ListItem\",\"position\":2,\"name\":\"Beginn der Abschaltung von 3G bei der Telekom\"}]},{\"@type\":\"WebSite\",\"@id\":\"https:\\\/\\\/aetka.de\\\/blog\\\/#website\",\"url\":\"https:\\\/\\\/aetka.de\\\/blog\\\/\",\"name\":\"aetka Blog\",\"description\":\"\",\"potentialAction\":[{\"@type\":\"SearchAction\",\"target\":{\"@type\":\"EntryPoint\",\"urlTemplate\":\"https:\\\/\\\/aetka.de\\\/blog\\\/?s={search_term_string}\"},\"query-input\":{\"@type\":\"PropertyValueSpecification\",\"valueRequired\":true,\"valueName\":\"search_term_string\"}}],\"inLanguage\":\"de\"},{\"@type\":\"Person\",\"@id\":\"https:\\\/\\\/aetka.de\\\/blog\\\/#\\\/schema\\\/person\\\/9264baddfc3b77f933935aa447a0be42\",\"name\":\"Stefan Maus\",\"image\":{\"@type\":\"ImageObject\",\"inLanguage\":\"de\",\"@id\":\"https:\\\/\\\/aetka.de\\\/blog\\\/wp-content\\\/uploads\\\/2020\\\/01\\\/stefan-maus-96x96.jpg\",\"url\":\"https:\\\/\\\/aetka.de\\\/blog\\\/wp-content\\\/uploads\\\/2020\\\/01\\\/stefan-maus-96x96.jpg\",\"contentUrl\":\"https:\\\/\\\/aetka.de\\\/blog\\\/wp-content\\\/uploads\\\/2020\\\/01\\\/stefan-maus-96x96.jpg\",\"caption\":\"Stefan Maus\"}}]}<\/script>\n<!-- \/ Yoast SEO plugin. -->","yoast_head_json":{"title":"Beginn der Abschaltung von 3G bei der Telekom","description":"Die Telekom beginnt in der Region Koblenz - Limburg mit der 3G Abschaltung. Was dahintersteckt, lesen Sie hier!","robots":{"index":"index","follow":"follow","max-snippet":"max-snippet:-1","max-image-preview":"max-image-preview:large","max-video-preview":"max-video-preview:-1"},"canonical":"https:\/\/aetka.de\/blog\/beginn-3g-abschaltung-telekom\/","og_locale":"de_DE","og_type":"article","og_title":"Beginn der Abschaltung von 3G bei der Telekom","og_description":"Die Telekom beginnt in der Region Koblenz - Limburg mit der 3G Abschaltung. Was dahintersteckt, lesen Sie hier!","og_url":"https:\/\/aetka.de\/blog\/beginn-3g-abschaltung-telekom\/","og_site_name":"aetka Blog","article_publisher":"https:\/\/www.facebook.com\/aetka.ag","article_published_time":"2021-03-18T16:55:18+00:00","og_image":[{"width":800,"height":400,"url":"https:\/\/aetka.de\/blog\/wp-content\/uploads\/2021\/03\/3g-abschaltung-aetka-blog.jpg","type":"image\/jpeg"}],"author":"Stefan Maus","twitter_card":"summary_large_image","twitter_creator":"@aetka","twitter_site":"@aetka","twitter_misc":{"Verfasst von":"Stefan Maus","Gesch\u00e4tzte Lesezeit":"3\u00a0Minuten"},"schema":{"@context":"https:\/\/schema.org","@graph":[{"@type":"Article","@id":"https:\/\/aetka.de\/blog\/beginn-3g-abschaltung-telekom\/#article","isPartOf":{"@id":"https:\/\/aetka.de\/blog\/beginn-3g-abschaltung-telekom\/"},"author":{"name":"Stefan Maus","@id":"https:\/\/aetka.de\/blog\/#\/schema\/person\/9264baddfc3b77f933935aa447a0be42"},"headline":"Beginn der Abschaltung von 3G bei der Telekom","datePublished":"2021-03-18T16:55:18+00:00","mainEntityOfPage":{"@id":"https:\/\/aetka.de\/blog\/beginn-3g-abschaltung-telekom\/"},"wordCount":529,"commentCount":0,"image":{"@id":"https:\/\/aetka.de\/blog\/beginn-3g-abschaltung-telekom\/#primaryimage"},"thumbnailUrl":"https:\/\/aetka.de\/blog\/wp-content\/uploads\/2021\/03\/3g-abschaltung-aetka-blog.jpg","inLanguage":"de","potentialAction":[{"@type":"CommentAction","name":"Comment","target":["https:\/\/aetka.de\/blog\/beginn-3g-abschaltung-telekom\/#respond"]}]},{"@type":"WebPage","@id":"https:\/\/aetka.de\/blog\/beginn-3g-abschaltung-telekom\/","url":"https:\/\/aetka.de\/blog\/beginn-3g-abschaltung-telekom\/","name":"Beginn der Abschaltung von 3G bei der Telekom","isPartOf":{"@id":"https:\/\/aetka.de\/blog\/#website"},"primaryImageOfPage":{"@id":"https:\/\/aetka.de\/blog\/beginn-3g-abschaltung-telekom\/#primaryimage"},"image":{"@id":"https:\/\/aetka.de\/blog\/beginn-3g-abschaltung-telekom\/#primaryimage"},"thumbnailUrl":"https:\/\/aetka.de\/blog\/wp-content\/uploads\/2021\/03\/3g-abschaltung-aetka-blog.jpg","datePublished":"2021-03-18T16:55:18+00:00","author":{"@id":"https:\/\/aetka.de\/blog\/#\/schema\/person\/9264baddfc3b77f933935aa447a0be42"},"description":"Die Telekom beginnt in der Region Koblenz - Limburg mit der 3G Abschaltung. Was dahintersteckt, lesen Sie hier!","breadcrumb":{"@id":"https:\/\/aetka.de\/blog\/beginn-3g-abschaltung-telekom\/#breadcrumb"},"inLanguage":"de","potentialAction":[{"@type":"ReadAction","target":["https:\/\/aetka.de\/blog\/beginn-3g-abschaltung-telekom\/"]}]},{"@type":"ImageObject","inLanguage":"de","@id":"https:\/\/aetka.de\/blog\/beginn-3g-abschaltung-telekom\/#primaryimage","url":"https:\/\/aetka.de\/blog\/wp-content\/uploads\/2021\/03\/3g-abschaltung-aetka-blog.jpg","contentUrl":"https:\/\/aetka.de\/blog\/wp-content\/uploads\/2021\/03\/3g-abschaltung-aetka-blog.jpg","width":800,"height":400,"caption":"3G Abschaltung Infos aetka"},{"@type":"BreadcrumbList","@id":"https:\/\/aetka.de\/blog\/beginn-3g-abschaltung-telekom\/#breadcrumb","itemListElement":[{"@type":"ListItem","position":1,"name":"Startseite","item":"https:\/\/aetka.de\/blog\/"},{"@type":"ListItem","position":2,"name":"Beginn der Abschaltung von 3G bei der Telekom"}]},{"@type":"WebSite","@id":"https:\/\/aetka.de\/blog\/#website","url":"https:\/\/aetka.de\/blog\/","name":"aetka Blog","description":"","potentialAction":[{"@type":"SearchAction","target":{"@type":"EntryPoint","urlTemplate":"https:\/\/aetka.de\/blog\/?s={search_term_string}"},"query-input":{"@type":"PropertyValueSpecification","valueRequired":true,"valueName":"search_term_string"}}],"inLanguage":"de"},{"@type":"Person","@id":"https:\/\/aetka.de\/blog\/#\/schema\/person\/9264baddfc3b77f933935aa447a0be42","name":"Stefan Maus","image":{"@type":"ImageObject","inLanguage":"de","@id":"https:\/\/aetka.de\/blog\/wp-content\/uploads\/2020\/01\/stefan-maus-96x96.jpg","url":"https:\/\/aetka.de\/blog\/wp-content\/uploads\/2020\/01\/stefan-maus-96x96.jpg","contentUrl":"https:\/\/aetka.de\/blog\/wp-content\/uploads\/2020\/01\/stefan-maus-96x96.jpg","caption":"Stefan Maus"}}]}},"_links":{"self":[{"href":"https:\/\/aetka.de\/blog\/wp-json\/wp\/v2\/posts\/7046","targetHints":{"allow":["GET"]}}],"collection":[{"href":"https:\/\/aetka.de\/blog\/wp-json\/wp\/v2\/posts"}],"about":[{"href":"https:\/\/aetka.de\/blog\/wp-json\/wp\/v2\/types\/post"}],"author":[{"embeddable":true,"href":"https:\/\/aetka.de\/blog\/wp-json\/wp\/v2\/users\/28"}],"replies":[{"embeddable":true,"href":"https:\/\/aetka.de\/blog\/wp-json\/wp\/v2\/comments?post=7046"}],"version-history":[{"count":2,"href":"https:\/\/aetka.de\/blog\/wp-json\/wp\/v2\/posts\/7046\/revisions"}],"predecessor-version":[{"id":7049,"href":"https:\/\/aetka.de\/blog\/wp-json\/wp\/v2\/posts\/7046\/revisions\/7049"}],"wp:featuredmedia":[{"embeddable":true,"href":"https:\/\/aetka.de\/blog\/wp-json\/wp\/v2\/media\/7034"}],"wp:attachment":[{"href":"https:\/\/aetka.de\/blog\/wp-json\/wp\/v2\/media?parent=7046"}],"wp:term":[{"taxonomy":"category","embeddable":true,"href":"https:\/\/aetka.de\/blog\/wp-json\/wp\/v2\/categories?post=7046"},{"taxonomy":"post_tag","embeddable":true,"href":"https:\/\/aetka.de\/blog\/wp-json\/wp\/v2\/tags?post=7046"}],"curies":[{"name":"wp","href":"https:\/\/api.w.org\/{rel}","templated":true}]}}