{"id":6601,"date":"2024-11-08T15:00:31","date_gmt":"2024-11-08T13:00:31","guid":{"rendered":"https:\/\/aetka.de\/blog\/?p=6601"},"modified":"2024-11-08T15:59:29","modified_gmt":"2024-11-08T13:59:29","slug":"was-schenke-ich-meinem-vater","status":"publish","type":"post","link":"https:\/\/aetka.de\/blog\/was-schenke-ich-meinem-vater\/","title":{"rendered":"Was schenke ich meinem Vater?"},"content":{"rendered":"<p><strong>V\u00e4ter \u2013 die Menschen, die besch\u00fctzend hinter uns stehen und mit uns Herausforderungen meistern. G\u00e4be es sie nicht, w\u00fcrde den meisten von uns ganz sch\u00f6n was fehlen. Und deswegen zeigen wir gern, wie wichtig sie uns sind \u2013 mit kleinen Aufmerksamkeiten und ausgefeilten Geschenken. Doch was w\u00fcnscht sich denn so ein Familienoberhaupt eigentlich? Dass Du nicht lange recherchieren musst, gibt\u2019s hier eine tolle Auswahl an Geschenk-Ideen f\u00fcr Papa.<\/strong><!--more--><\/p>\n<h2 class=\"product--title\">Telekom MagentaTV One (2. Generation)<\/h2>\n<p>Sicherheit und praktische Handhabungen f\u00fcr die Familie im Eigenheim ist \u00e4u\u00dferst wichtig. Denn Papa sorgt f\u00fcr Komfort. Mit der Telekom MagentaTV One kannst Du das zur\u00fcck geben. Denn die neueste Generation bietet \u00fcberragendes MagentaTV Erlebnis mit \u00fcber 150 TV Sendern in HD, Timeshift, Restart, Cloud Speicher f\u00fcr TV Aufnahmen, MagentaTV+ mit Serien, Filmen, Shows und Dokus auf Abruf u.v.m. Und es vereint das gesamte Entertainment: Streamingdienste wie RTL+, Netflix, Disney+, Prime Video und Mediatheken sind auf der Startseite mit pers\u00f6nlicher Schnellstartleiste fix eingeschaltet. Magenta TV Online 2. Generation bringt seine praktische und im Dunklen leuchtende Fernbedienung gleich mit.<\/p>\n<img decoding=\"async\" class=\"alignnone wp-image-11208 size-full\" src=\"https:\/\/aetka.de\/blog\/wp-content\/uploads\/2023\/11\/Magenta-TV-one_Vater.jpg\" alt=\"\" width=\"1920\" height=\"1081\" srcset=\"https:\/\/aetka.de\/blog\/wp-content\/uploads\/2023\/11\/Magenta-TV-one_Vater.jpg 1920w, https:\/\/aetka.de\/blog\/wp-content\/uploads\/2023\/11\/Magenta-TV-one_Vater-300x169.jpg 300w, https:\/\/aetka.de\/blog\/wp-content\/uploads\/2023\/11\/Magenta-TV-one_Vater-1024x577.jpg 1024w, https:\/\/aetka.de\/blog\/wp-content\/uploads\/2023\/11\/Magenta-TV-one_Vater-768x432.jpg 768w, https:\/\/aetka.de\/blog\/wp-content\/uploads\/2023\/11\/Magenta-TV-one_Vater-1536x865.jpg 1536w, https:\/\/aetka.de\/blog\/wp-content\/uploads\/2023\/11\/Magenta-TV-one_Vater-800x450.jpg 800w, https:\/\/aetka.de\/blog\/wp-content\/uploads\/2023\/11\/Magenta-TV-one_Vater-400x225.jpg 400w\" sizes=\"(max-width: 1920px) 100vw, 1920px\" \/>\n<p>Mit dem Magenta Sprachassistenten kann Papa ohne l\u00e4stiges Tippen nach Inhalten suchen. Daf\u00fcr h\u00e4lt er einfach die Mikrofon-Taste der Fernbedienung gedr\u00fcckt und spricht los. Zudem k\u00f6nnen alle wichtigen Funktionen von MagentaTV per Spracheingabe gesteuert werden.<\/p>\n<h3>Die Highlights der MagentaTV One (2. Generation):<\/h3>\n<ul>\n<li>\u2022 Premium Fernbedienung mit Tasten, die im dunklen Raum bei Bewegung der Fernbedienung leuchten<\/li>\n<li>\u2022 Integriertes Mikrofon<\/li>\n<li>\u2022 Magenta Sprachassistent<\/li>\n<li>\u2022 Google Assistant<\/li>\n<li>\u2022 Geh\u00e4use \u00fcberwiegend aus biobasierten und recycelten Kunststoffen<\/li>\n<\/ul>\n<p>&nbsp;<\/p>\n<div class=\"atkp-container atkp-wide-box  atkp-template-wide\">\n                        <div class=\"atkp-box atkp-clearfix \"\n                 style=\"\">\n                <div class=\"atkp-predicateheadline atkp-predicate-highlight\">\n                    <span><\/span><\/div>\n                <div class=\"atkp-thumb\">\n                                            <a href=\"https:\/\/aetka.de\/shop\/tv-audio\/unterhaltungselektronik-zubehoer\/17915\/telekom-magentatv-one-2.-generation?utm_source=aetka&utm_medium=blog\" rel=\"sponsored nofollow noopener\" target=\"_blank\"  title=\"Jetzt kaufen im aetka Shop\"><img decoding=\"async\" class=\"atkp-image\"\n                                                                             src=\"https:\/\/aetka.de\/shop\/media\/image\/ec\/4d\/9d\/c46e2842-5d46-46fe-bfa3-039f1843f1fe_screenGr_600x600.jpg\"\n                                                                             alt=\"Telekom MagentaTV One (2. Generation)\"\/><\/a>\n                                                                                <\/div>\n                <div class=\"atkp-content\">\n                                            <a class=\"atkp-title\" href=\"https:\/\/aetka.de\/shop\/tv-audio\/unterhaltungselektronik-zubehoer\/17915\/telekom-magentatv-one-2.-generation?utm_source=aetka&utm_medium=blog\" rel=\"sponsored nofollow noopener\" target=\"_blank\"  title=\"Jetzt kaufen im aetka Shop\">Telekom MagentaTV One (2. Generation)<\/a>\n                                        <div class=\"atkp-author\"><\/div>\n\n                    <div class=\"atkp-description\"><ul>Die MagentaTV One in der 2. Generation bietet ein noch komfortableres MagentaTV Erlebnis. Mit der neuen Premium Fernbedienung mit Tasten die im dunklen bei Bewegung leuchten sowie einer individuell belegbaren Taste um schnell die LieblingsApps zu starten. MagentaTV One in der 2. Generation ist dabei besonders hochwertig und nachhaltig.<\/ul>\n\n\n                                                    <div class=\"atkp-procontra\">\n                                                                                            <\/div>\n                                            <\/div>\n                <\/div>\n                <div class=\"atkp-bottom\">\n                                            <span class=\"atkp-price atkp-listprice\"><\/span>\n                                                                <span class=\"atkp-price atkp-savedamount\"><\/span>\n                                                                <span class=\"atkp-price atkp-saleprice\">\n                            &nbsp;Preis nicht verf&uuml;gbar\n                                                            <span class=\"atkp_price atkp-baseprice\"><\/span>\n                                                    <\/span>\n                    \n                                            <a href=\"https:\/\/aetka.de\/shop\/tv-audio\/unterhaltungselektronik-zubehoer\/17915\/telekom-magentatv-one-2.-generation?utm_source=aetka&utm_medium=blog\" rel=\"sponsored nofollow noopener\" target=\"_blank\"  title=\"Jetzt kaufen im aetka Shop\" class=\"atkp-button\">Zum Angebot<\/a>\n                                                            <div class=\"atkp-container\"><\/div>\n                                            <span class=\"atkp-priceinfo\">Preis inkl. MwSt., zzgl. Versandkosten<\/span>\n                                    <\/div>\n            <\/div>\n                            <span class=\"atkp-disclaimer\">Zuletzt aktualisiert am 20. Dezember 2025 um 8:49 . Wir weisen darauf hin, dass sich hier angezeigte Preise inzwischen ge\u00e4ndert haben k\u00f6nnen. Alle Angaben ohne Gew\u00e4hr.<\/span>\n            <\/div>\n\n<h2><\/h2>\n<p>&nbsp;<\/p>\n<h2>Magenta TV Fernbedienung f\u00fcr Apple TV<\/h2>\n<p>So ziemlich jeder Papa liegt gerne auf der Couch und geniest die Sportshow oder einen Film am Abend. Praktisch, wenn man dann die Fernbedienung f\u00fcr sein Apple TV hat. Mit einem Knopfdruck zu Magenta TV wechseln, Mikrotaste f\u00fcr die Siri Sprachsteuerung und Bluetooth Low Energy (BLE) Konnektivit\u00e4t, die eine universelle Steuerung von Apple TV und gleichzeitig Fernsehern und Audioger\u00e4ten unterschiedlicher Hersteller erm\u00f6glicht.<\/p>\n<img decoding=\"async\" class=\"alignnone wp-image-11209 size-medium\" src=\"https:\/\/aetka.de\/blog\/wp-content\/uploads\/2023\/11\/Magenta-TV-Fernbedienung_Vater-71x300.jpg\" alt=\"\" width=\"71\" height=\"300\" srcset=\"https:\/\/aetka.de\/blog\/wp-content\/uploads\/2023\/11\/Magenta-TV-Fernbedienung_Vater-71x300.jpg 71w, https:\/\/aetka.de\/blog\/wp-content\/uploads\/2023\/11\/Magenta-TV-Fernbedienung_Vater.jpg 213w\" sizes=\"(max-width: 71px) 100vw, 71px\" \/>\n<h3><\/h3>\n<h3>Die Highlights der Magenta TV Fernbedienung f\u00fcr Apple TV:<\/h3>\n<ul>\n<li>\u2022 Knopfdruck zu Magenta TV<\/li>\n<li>\u2022 Mikrofontaste zum Aufruf der Siri Sprachsteuerung<\/li>\n<li>\u2022 Hintergrundbeleuchtung, die in dunklen R\u00e4umen bei Bewegung der Fernbedienung automatisch aktiviert wird<\/li>\n<\/ul>\n<p>&nbsp;<\/p>\n<div class=\"atkp-container atkp-wide-box  atkp-template-wide\">\n                        <div class=\"atkp-box atkp-clearfix \"\n                 style=\"\">\n                <div class=\"atkp-predicateheadline atkp-predicate-highlight\">\n                    <span><\/span><\/div>\n                <div class=\"atkp-thumb\">\n                                            <a href=\"https:\/\/aetka.de\/shop\/tv-audio\/unterhaltungselektronik-zubehoer\/15423\/telekom-magenta-tv-fernbedienung-fuer-apple-tv?utm_source=aetka&utm_medium=blog\" rel=\"sponsored nofollow noopener\" target=\"_blank\"  title=\"Jetzt kaufen im aetka Shop\"><img decoding=\"async\" class=\"atkp-image\"\n                                                                             src=\"https:\/\/aetka.de\/shop\/media\/image\/cb\/b9\/71\/1efcc351-d563-4ce2-b7cf-d4607abca2ce_screenGr_600x600.jpg\"\n                                                                             alt=\"Telekom Magenta TV Fernbedienung f&uuml;r Apple TV\"\/><\/a>\n                                                                                <\/div>\n                <div class=\"atkp-content\">\n                                            <a class=\"atkp-title\" href=\"https:\/\/aetka.de\/shop\/tv-audio\/unterhaltungselektronik-zubehoer\/15423\/telekom-magenta-tv-fernbedienung-fuer-apple-tv?utm_source=aetka&utm_medium=blog\" rel=\"sponsored nofollow noopener\" target=\"_blank\"  title=\"Jetzt kaufen im aetka Shop\">Telekom Magenta TV Fernbedienung f&uuml;r Apple T<\/a>\n                                        <div class=\"atkp-author\"><\/div>\n\n                    <div class=\"atkp-description\"><ul>Bedienen Sie ganz bequem mit der Telekom MagentaTV Fernbedienung Ihr Apple TV Ger\u00e4t und greifen Sie auf alle Funktionen wie gewohnt zu.<\/ul>\n\n\n                                                    <div class=\"atkp-procontra\">\n                                                                                            <\/div>\n                                            <\/div>\n                <\/div>\n                <div class=\"atkp-bottom\">\n                                            <span class=\"atkp-price atkp-listprice\"><\/span>\n                                                                <span class=\"atkp-price atkp-savedamount\"><\/span>\n                                                                <span class=\"atkp-price atkp-saleprice\">\n                            &nbsp;Preis nicht verf&uuml;gbar\n                                                            <span class=\"atkp_price atkp-baseprice\"><\/span>\n                                                    <\/span>\n                    \n                                            <a href=\"https:\/\/aetka.de\/shop\/tv-audio\/unterhaltungselektronik-zubehoer\/15423\/telekom-magenta-tv-fernbedienung-fuer-apple-tv?utm_source=aetka&utm_medium=blog\" rel=\"sponsored nofollow noopener\" target=\"_blank\"  title=\"Jetzt kaufen im aetka Shop\" class=\"atkp-button\">Zum Angebot<\/a>\n                                                            <div class=\"atkp-container\"><\/div>\n                                            <span class=\"atkp-priceinfo\">Preis inkl. MwSt., zzgl. Versandkosten<\/span>\n                                    <\/div>\n            <\/div>\n                            <span class=\"atkp-disclaimer\">Zuletzt aktualisiert am 4. Februar 2025 um 8:59 . Wir weisen darauf hin, dass sich hier angezeigte Preise inzwischen ge\u00e4ndert haben k\u00f6nnen. Alle Angaben ohne Gew\u00e4hr.<\/span>\n            <\/div>\n\n<p>&nbsp;<\/p>\n<h2><strong>Praktisch in Design und Funktionalit\u00e4t: <\/strong>Samsung Galaxy Watch7 LTE SM-L315 44 mm<\/h2>\n<p>Ein stilvolles und zugleich zeitloses Geschenk f\u00fcr den Papa ist die Samsung Galaxy Watch 7. Ihren sportlich edlen Look kann Papa mit nahezu jedem Outfit kombinieren. Das passende Geschenk f\u00fcr Vati zu finden ist zugegebenerma\u00dfen nicht ganz einfach. Es sollte schon was Praktisches sein, um das Familienoberhaupt richtig wertzusch\u00e4tzen. Mit der Samsung Galaxy Watch 7 liegst Du voll im Trend und bestimmt jeder Vater freut sich \u00fcber so ein ausgesprochen sch\u00f6nes Geschenk mit Stil und Niveau.<\/p>\n<p>Mit der Galaxy Watch7 holst Du Deinem Vater Galaxy AI-Funktionen jetzt direkt an sein Handgelenk. Und damit eine Vielzahl intelligenter Features, die ihm dabei helfen k\u00f6nnen, rund um die Uhr fit und ausgeglichen zu bleiben. Zusammen mit dem verbesserten Samsung BioActive Sensor k\u00f6nnen seine Health-, Schlaf- und Fitnesswerte so noch zuverl\u00e4ssiger und pr\u00e4ziser analysiert werden. Obwohl die Galaxy Watch7 vollgepackt ist mit vielseitigen Funktionen, liegt ihr Aluminium Geh\u00e4use angenehm flach und leicht am Handgelenk. Eine gro\u00dfe Auswahl an einfach wechselbaren Armb\u00e4ndern l\u00e4sst sich jedem Outfit anpassen.<\/p>\n<img decoding=\"async\" class=\"alignnone wp-image-11210 size-full\" src=\"https:\/\/aetka.de\/blog\/wp-content\/uploads\/2023\/11\/Samsung_Galaxy_Watch_7_screenGr.jpg\" alt=\"\" width=\"1920\" height=\"1280\" srcset=\"https:\/\/aetka.de\/blog\/wp-content\/uploads\/2023\/11\/Samsung_Galaxy_Watch_7_screenGr.jpg 1920w, https:\/\/aetka.de\/blog\/wp-content\/uploads\/2023\/11\/Samsung_Galaxy_Watch_7_screenGr-300x200.jpg 300w, https:\/\/aetka.de\/blog\/wp-content\/uploads\/2023\/11\/Samsung_Galaxy_Watch_7_screenGr-1024x683.jpg 1024w, https:\/\/aetka.de\/blog\/wp-content\/uploads\/2023\/11\/Samsung_Galaxy_Watch_7_screenGr-768x512.jpg 768w, https:\/\/aetka.de\/blog\/wp-content\/uploads\/2023\/11\/Samsung_Galaxy_Watch_7_screenGr-1536x1024.jpg 1536w, https:\/\/aetka.de\/blog\/wp-content\/uploads\/2023\/11\/Samsung_Galaxy_Watch_7_screenGr-800x533.jpg 800w, https:\/\/aetka.de\/blog\/wp-content\/uploads\/2023\/11\/Samsung_Galaxy_Watch_7_screenGr-400x267.jpg 400w\" sizes=\"(max-width: 1920px) 100vw, 1920px\" \/>\n<h3>Die Highlights der Samsung Galaxy Watch 7 im \u00dcberblick:<\/h3>\n<ul>\n<li>\u2022 3,73 cm (1,5 Zoll) Always On Super AMOLED Display mit Saphirglas<\/li>\n<li>\u2022 Personalisierte Benutzererfahrung dank AI-Funktionen wie Energiewert, Wohlf\u00fchltipps und Schnellantworten<\/li>\n<li>\u2022 Sportliches Design aus Aluminium EKG- und Blutdruck-Messung, sowie Benachrichtigung bei unregelm\u00e4\u00dfigem Herzrhythmus (IHRN)<\/li>\n<li>\u2022 Umfangreiches App-Ecosystem durch Google Wear OS<\/li>\n<li>\u2022 Bis zu 40 Stunden Akkulaufzeit und sehr kurze Ladezeit durch Schnellladefunktion<\/li>\n<\/ul>\n<p>&nbsp;<\/p>\n<div class=\"atkp-container atkp-grid_2_columns-box  atkp-template-grid_2_columns\">\n            <div class=\"atkp-clearfix atkp-box-2-cols \">\n                            <div class=\"atkp-box atkp-smallbox atkp-box-2-cols-item atkp-clearfix \">\n                    <div class=\"atkp-thumb\">\n                                                    <a href=\"https:\/\/aetka.de\/shop\/sport-freizeit\/wearables\/smartwatch\/20804\/samsung-galaxy-watch7-lte-sm-l315-44-mm-silver?utm_source=aetka&utm_medium=blog\" rel=\"sponsored nofollow noopener\" target=\"_blank\"  title=\"Jetzt kaufen im aetka Shop\"><img decoding=\"async\" class=\"atkp-image\"\n                                                                                 src=\"https:\/\/aetka.de\/shop\/media\/image\/50\/f3\/b2\/76fb4610-f957-4a55-ae8f-e35f9b7979af_screenGr_600x600.jpg\"\n                                                                                 alt=\"Samsung Galaxy Watch7 LTE SM-L315 44 mm, Silver\"\/><\/a>\n                                            <\/div>\n                    <div class=\"atkp-content\">\n                                                    <a class=\"atkp-title\" href=\"https:\/\/aetka.de\/shop\/sport-freizeit\/wearables\/smartwatch\/20804\/samsung-galaxy-watch7-lte-sm-l315-44-mm-silver?utm_source=aetka&utm_medium=blog\" rel=\"sponsored nofollow noopener\" target=\"_blank\"  title=\"Jetzt kaufen im aetka Shop\">Samsung Galaxy Watch7 LTE SM-L315 44 mm, Silv<\/a>\n                                                <div class=\"atkp-author\"><\/div>\n                    <\/div>\n                    <div class=\"atkp-bottom\">\n                        <div class=\"atkp-ratingbar\">\n                                                        <div class=\"atkp-primelogo\"><\/div>\n                            <div class=\"atkp-clearfix\"><\/div>\n                        <\/div>\n                                                    <span class=\"atkp-price atkp-saleprice\">\n                                Preis nicht verf&uuml;gbar\n                                                                    <span class=\"atkp_price atkp-baseprice\"><\/span>\n                                                            <\/span>\n                                                                            <a href=\"https:\/\/aetka.de\/shop\/sport-freizeit\/wearables\/smartwatch\/20804\/samsung-galaxy-watch7-lte-sm-l315-44-mm-silver?utm_source=aetka&utm_medium=blog\" rel=\"sponsored nofollow noopener\" target=\"_blank\"  title=\"Jetzt kaufen im aetka Shop\" class=\"atkp-button\">Zum Angebot<\/a>\n                        \n                        \n                                                    <span class=\"atkp-priceinfo\">Preis inkl. MwSt., zzgl. Versandkosten<\/span>\n                                                                    <\/div>\n                <\/div>\n                            <div class=\"atkp-box atkp-smallbox atkp-box-2-cols-item atkp-clearfix \">\n                    <div class=\"atkp-thumb\">\n                                                    <a href=\"https:\/\/aetka.de\/shop\/sport-freizeit\/wearables\/smartwatch\/20803\/samsung-galaxy-watch7-lte-sm-l315-44-mm-green?utm_source=aetka&utm_medium=blog\" rel=\"sponsored nofollow noopener\" target=\"_blank\"  title=\"Jetzt kaufen im aetka Shop\"><img decoding=\"async\" class=\"atkp-image\"\n                                                                                 src=\"https:\/\/aetka.de\/shop\/media\/image\/bf\/f8\/9d\/64819a03-201e-4292-8312-6b9ac44ee8ff_screenGr_600x600.jpg\"\n                                                                                 alt=\"Samsung Galaxy Watch7 LTE SM-L315 44 mm, Green\"\/><\/a>\n                                            <\/div>\n                    <div class=\"atkp-content\">\n                                                    <a class=\"atkp-title\" href=\"https:\/\/aetka.de\/shop\/sport-freizeit\/wearables\/smartwatch\/20803\/samsung-galaxy-watch7-lte-sm-l315-44-mm-green?utm_source=aetka&utm_medium=blog\" rel=\"sponsored nofollow noopener\" target=\"_blank\"  title=\"Jetzt kaufen im aetka Shop\">Samsung Galaxy Watch7 LTE SM-L315 44 mm, Gree<\/a>\n                                                <div class=\"atkp-author\"><\/div>\n                    <\/div>\n                    <div class=\"atkp-bottom\">\n                        <div class=\"atkp-ratingbar\">\n                                                        <div class=\"atkp-primelogo\"><\/div>\n                            <div class=\"atkp-clearfix\"><\/div>\n                        <\/div>\n                                                    <span class=\"atkp-price atkp-saleprice\">\n                                Preis nicht verf&uuml;gbar\n                                                                    <span class=\"atkp_price atkp-baseprice\"><\/span>\n                                                            <\/span>\n                                                                            <a href=\"https:\/\/aetka.de\/shop\/sport-freizeit\/wearables\/smartwatch\/20803\/samsung-galaxy-watch7-lte-sm-l315-44-mm-green?utm_source=aetka&utm_medium=blog\" rel=\"sponsored nofollow noopener\" target=\"_blank\"  title=\"Jetzt kaufen im aetka Shop\" class=\"atkp-button\">Zum Angebot<\/a>\n                        \n                        \n                                                    <span class=\"atkp-priceinfo\">Preis inkl. MwSt., zzgl. Versandkosten<\/span>\n                                                                    <\/div>\n                <\/div>\n                    <\/div>\n                    <span class=\"atkp-disclaimer\">Zuletzt aktualisiert am 5. September 2025 um 8:40 . Wir weisen darauf hin, dass sich hier angezeigte Preise inzwischen ge\u00e4ndert haben k\u00f6nnen. Alle Angaben ohne Gew\u00e4hr.<\/span>\n            <\/div>\n<p>&nbsp;<\/p>\n<h2>Lauftraining neu gedacht mit der Outdoor Sports Head Light H30R Wireless Pro mit Akku.<\/h2>\n<p>&nbsp;<\/p>\n<img decoding=\"async\" class=\"alignnone wp-image-11224 size-full\" src=\"https:\/\/aetka.de\/blog\/wp-content\/uploads\/2023\/11\/Varta_Vater.jpg\" alt=\"\" width=\"1417\" height=\"567\" srcset=\"https:\/\/aetka.de\/blog\/wp-content\/uploads\/2023\/11\/Varta_Vater.jpg 1417w, https:\/\/aetka.de\/blog\/wp-content\/uploads\/2023\/11\/Varta_Vater-300x120.jpg 300w, https:\/\/aetka.de\/blog\/wp-content\/uploads\/2023\/11\/Varta_Vater-1024x410.jpg 1024w, https:\/\/aetka.de\/blog\/wp-content\/uploads\/2023\/11\/Varta_Vater-768x307.jpg 768w, https:\/\/aetka.de\/blog\/wp-content\/uploads\/2023\/11\/Varta_Vater-800x320.jpg 800w, https:\/\/aetka.de\/blog\/wp-content\/uploads\/2023\/11\/Varta_Vater-400x160.jpg 400w\" sizes=\"(max-width: 1417px) 100vw, 1417px\" \/>\n<p>&nbsp;<\/p>\n<p>Nie wieder im Dunklen laufen, dank der Varta Outdoor Sports Lampe, kann Papa sein Lauftraining flexibel gestalten. An k\u00fchlen und nassen Herbst- Wintertagen kann Papa auch noch in den Abendstunden sein Lauftraining durchf\u00fchren, um sich gesund und fit zu halten. Verschiedene Lichtmodi und der bewegliche Leuchtenkopf unterst\u00fctzen ihn dabei den Laufweg gut auszuleuchten, St\u00fcrze zu vermeiden und den nach Hause Weg wieder zu finden. Das Kopfband mit Thermodruck ist bequem zu tragen, verstellbar und zudem ist die Lampe spritzwassergesch\u00fctzt.<\/p>\n<h3>Die Highlights der VARTA Outdoor Sports H30R Wireless Pro<\/h3>\n<ul>\n<li>\u2022 3 Lichtmodi:Spot-, Flutlicht und kombinierter Modus (alle dimmbar)<\/li>\n<li>\u2022\u00a0 Dimmfunktion f\u00fcr eine stufenlos einstellbare Lichtintensit\u00e4t<\/li>\n<li>\u2022 Wiederaufladbarer Li-Polymer Akku<\/li>\n<li>\u2022 Wasserdicht (IPX7)<\/li>\n<\/ul>\n<p>&nbsp;<\/p>\n<div class=\"atkp-container atkp-wide-box  atkp-template-wide\">\n                        <div class=\"atkp-box atkp-clearfix \"\n                 style=\"\">\n                <div class=\"atkp-predicateheadline atkp-predicate-highlight\">\n                    <span><\/span><\/div>\n                <div class=\"atkp-thumb\">\n                                            <a href=\"https:\/\/aetka.de\/shop\/sport-freizeit\/outdoor-lampen\/10515\/varta-outdoor-sports-h30r-wireless-pro-mit-akku?utm_source=aetka&utm_medium=blog\" rel=\"sponsored nofollow noopener\" target=\"_blank\"  title=\"Jetzt kaufen im aetka Shop\"><img decoding=\"async\" class=\"atkp-image\"\n                                                                             src=\"https:\/\/aetka.de\/shop\/media\/image\/44\/f7\/fc\/42591696-dcca-43e0-85a8-f272d0e18c46_screenGr_600x600.jpg\"\n                                                                             alt=\"VARTA Outdoor Sports H30R Wireless Pro mit Akku\"\/><\/a>\n                                                                                <\/div>\n                <div class=\"atkp-content\">\n                                            <a class=\"atkp-title\" href=\"https:\/\/aetka.de\/shop\/sport-freizeit\/outdoor-lampen\/10515\/varta-outdoor-sports-h30r-wireless-pro-mit-akku?utm_source=aetka&utm_medium=blog\" rel=\"sponsored nofollow noopener\" target=\"_blank\"  title=\"Jetzt kaufen im aetka Shop\">VARTA Outdoor Sports H30R Wireless Pro mit Ak<\/a>\n                                        <div class=\"atkp-author\"><\/div>\n\n                    <div class=\"atkp-description\"><ul>Wiederaufladbare Outdoor Sports Kopfleuchte mit bis zu 400 lm innovativer kabelloser Ladetechnologie Dimmfunktion schwenkbarem Kopf und verstellbarem Kopfband f\u00fcr h\u00f6chsten Tragekomfort.<\/ul>\n\n\n                                                    <div class=\"atkp-procontra\">\n                                                                                            <\/div>\n                                            <\/div>\n                <\/div>\n                <div class=\"atkp-bottom\">\n                                            <span class=\"atkp-price atkp-listprice\"><\/span>\n                                                                <span class=\"atkp-price atkp-savedamount\"><\/span>\n                                                                <span class=\"atkp-price atkp-saleprice\">\n                            &nbsp;Preis nicht verf&uuml;gbar\n                                                            <span class=\"atkp_price atkp-baseprice\"><\/span>\n                                                    <\/span>\n                    \n                                            <a href=\"https:\/\/aetka.de\/shop\/sport-freizeit\/outdoor-lampen\/10515\/varta-outdoor-sports-h30r-wireless-pro-mit-akku?utm_source=aetka&utm_medium=blog\" rel=\"sponsored nofollow noopener\" target=\"_blank\"  title=\"Jetzt kaufen im aetka Shop\" class=\"atkp-button\">Zum Angebot<\/a>\n                                                            <div class=\"atkp-container\"><\/div>\n                                            <span class=\"atkp-priceinfo\">Preis inkl. MwSt., zzgl. Versandkosten<\/span>\n                                    <\/div>\n            <\/div>\n                            <span class=\"atkp-disclaimer\">Zuletzt aktualisiert am 13. April 2026 um 8:50 . Wir weisen darauf hin, dass sich hier angezeigte Preise inzwischen ge\u00e4ndert haben k\u00f6nnen. Alle Angaben ohne Gew\u00e4hr.<\/span>\n            <\/div>\n\n<h2><\/h2>\n<p>&nbsp;<\/p>\n<h2>4smarts Standort-Finder SkyTag TSA Lock schwarz<\/h2>\n<p>Wenn Papa zur Dienstreise oder Montage f\u00e4hrt, kann im Durcheinander zwischen Veranstaltung, Baustelle und Hotel oder Pension das Gep\u00e4ck schnell mal aus dem Blick geraten. Damit niemand mehr lange sein Gep\u00e4ck suchen muss, gibt es daf\u00fcr die perfekte L\u00f6sung &#8211; variabel einsetzbar an Gep\u00e4ck oder auch am Schl\u00fcssel ;-).<\/p>\n<p>Mit der hochmodernen Ortungstechnologie kann Papa sein Gep\u00e4ck jederzeit und \u00fcberall finden. Mit der zugeh\u00f6rigen intuitiven &#8222;Wo ist?&#8220; App ist das Gep\u00e4ck auf einer Karte zu sehen und kann akustische Signale ausssenden. Egal ob am Flughafen oder im Hotel, er hat die Kontrolle und Sicherheit, dass sein Gep\u00e4ck immer in seiner N\u00e4he ist.<\/p>\n<h3>Die Highlights des 4Smarts Standort-Finder SkyTag TSA Lock:<\/h3>\n<ul>\n<li>\u2022 Pr\u00e4zise Lokalisierung und akustische Signale: Finde Dein Gep\u00e4ck mit der nativen Apple &#8222;Wo ist?&#8220; App<\/li>\n<li>\u2022\u00a0 Wiederaufladbarer Akku: Umweltfreundlich, da kein regelm\u00e4\u00dfiger Batteriewechsel n\u00f6tig<\/li>\n<li>\u2022 Vielseitigkeit: Ideal f\u00fcr Koffer, Rucks\u00e4cke, Spinde, Aktenkoffer und mehr<\/li>\n<li>\u2022 TSA-zertifiziertes Nummernschloss: Erm\u00f6glicht einen sicheren Inspektionsprozess<\/li>\n<\/ul>\n<p>&nbsp;<\/p>\n<div class=\"atkp-container atkp-wide-box  atkp-template-wide\">\n                        <div class=\"atkp-box atkp-clearfix \"\n                 style=\"\">\n                <div class=\"atkp-predicateheadline atkp-predicate-highlight\">\n                    <span><\/span><\/div>\n                <div class=\"atkp-thumb\">\n                                            <a href=\"https:\/\/aetka.de\/shop\/sport-freizeit\/navigation\/21825\/4smarts-standort-finder-skytag-tsa-lock-schwarz?utm_source=aetka&utm_medium=blog\" rel=\"sponsored nofollow noopener\" target=\"_blank\"  title=\"Jetzt kaufen im aetka Shop\"><img decoding=\"async\" class=\"atkp-image\"\n                                                                             src=\"https:\/\/aetka.de\/shop\/media\/image\/e5\/b7\/18\/c76179a2-82a0-4053-9970-9d7a5c196a4a_screenGr_600x600.jpg\"\n                                                                             alt=\"4smarts Standort-Finder SkyTag TSA Lock schwarz\"\/><\/a>\n                                                                                <\/div>\n                <div class=\"atkp-content\">\n                                            <a class=\"atkp-title\" href=\"https:\/\/aetka.de\/shop\/sport-freizeit\/navigation\/21825\/4smarts-standort-finder-skytag-tsa-lock-schwarz?utm_source=aetka&utm_medium=blog\" rel=\"sponsored nofollow noopener\" target=\"_blank\"  title=\"Jetzt kaufen im aetka Shop\">4smarts Standort-Finder SkyTag TSA Lock schwa<\/a>\n                                        <div class=\"atkp-author\"><\/div>\n\n                    <div class=\"atkp-description\"><ul>Mit der hochmodernen Ortungstechnologie kannst du dein Gep\u00e4ck jederzeit und \u00fcberall finden. Nutze die intuitive Wo ist App um dein Gep\u00e4ck auf einer Karte zu sehen und akustische Signale zu senden. Egal ob am Flughafen oder im Hotel du hast die Kontrolle und Sicherheit dass dein Gep\u00e4ck immer in deiner N\u00e4he ist. Setze auf Nachhaltigkeit und Komfort. Das Schloss verf\u00fcgt \u00fcber einen langlebigen wiederaufladbaren Akku der nicht nur die Umwelt schont sondern auch deine Reise einfacher macht. Keine l\u00e4stigen Batteriewechsel mehr einfach mit deinem USBCLadekabel und Netzteil deines Smartphones aufladen und losreisen. Das spart dir Zeit und Geld und ist gut f\u00fcr die Umwelt. Sichere deine Wertgegenst\u00e4nde mit einem vielseitigen Schloss. Ob Koffer Rucksack Schlie\u00dffach oder Aktenkoffer dieses Schloss passt perfekt zu jeder Situation. Dank der einfachen Anpassung ist es ideal f\u00fcr Reisen Gesch\u00e4ftsreisen und den t\u00e4glichen Gebrauch. Sch\u00fctze deine Wertsachen unterwegs mit TSAzugelassenen Reisekoffern in Rucks\u00e4cken ideal f\u00fcr Pendler und Sch\u00fcler und in Schlie\u00dff\u00e4chern perfekt f\u00fcr Schule und Fitnessstudio. Bewahre wichtige Dokumente sicher in B\u00fcroschr\u00e4nken auf sch\u00fctze deine teure Ausr\u00fcstung in Kamerataschen und nutze das Schloss f\u00fcr Werkzeugkisten ideal f\u00fcr Handwerker und Heimwerker. Auch f\u00fcr die zus\u00e4tzliche Sicherheit deines Fahrrads ist gesorgt. Mit dem TSAzertifizierten Schloss kommst du schnell und stressfrei durch jede Sicherheitskontrolle. Dein Gep\u00e4ck bleibt gesch\u00fctzt und kann dennoch von den Beh\u00f6rden ge\u00f6ffnet werden ohne dass es besch\u00e4digt wird. So reist du sicher und bequem ohne dir Sorgen um dein Gep\u00e4ck machen zu m\u00fcssen. Vertraue auf maximale Sicherheit und Langlebigkeit mit unserer robusten Zinklegierung und dem schnittfesten Stahlkabel. Dein Gep\u00e4ck ist bestens vor Diebstahl und Besch\u00e4digungen gesch\u00fctzt egal wohin du reist. Qualit\u00e4t die selbst den h\u00e4rtesten Bedingungen standh\u00e4lt.<\/ul>\n\n\n                                                    <div class=\"atkp-procontra\">\n                                                                                            <\/div>\n                                            <\/div>\n                <\/div>\n                <div class=\"atkp-bottom\">\n                                            <span class=\"atkp-price atkp-listprice\"><\/span>\n                                                                <span class=\"atkp-price atkp-savedamount\"><\/span>\n                                                                <span class=\"atkp-price atkp-saleprice\">\n                            &nbsp;Preis nicht verf&uuml;gbar\n                                                            <span class=\"atkp_price atkp-baseprice\"><\/span>\n                                                    <\/span>\n                    \n                                            <a href=\"https:\/\/aetka.de\/shop\/sport-freizeit\/navigation\/21825\/4smarts-standort-finder-skytag-tsa-lock-schwarz?utm_source=aetka&utm_medium=blog\" rel=\"sponsored nofollow noopener\" target=\"_blank\"  title=\"Jetzt kaufen im aetka Shop\" class=\"atkp-button\">Zum Angebot<\/a>\n                                                            <div class=\"atkp-container\"><\/div>\n                                            <span class=\"atkp-priceinfo\">Preis inkl. MwSt., zzgl. Versandkosten<\/span>\n                                    <\/div>\n            <\/div>\n                            <span class=\"atkp-disclaimer\">Zuletzt aktualisiert am 29. Oktober 2025 um 8:50 . Wir weisen darauf hin, dass sich hier angezeigte Preise inzwischen ge\u00e4ndert haben k\u00f6nnen. Alle Angaben ohne Gew\u00e4hr.<\/span>\n            <\/div>\n\n<p>&nbsp;<\/p>\n<p>&nbsp;<\/p>\n<p>&nbsp;<\/p>\n","protected":false},"excerpt":{"rendered":"<p>V\u00e4ter \u2013 die Menschen, die besch\u00fctzend hinter uns stehen und mit uns Herausforderungen meistern. G\u00e4be es sie nicht, w\u00fcrde den meisten von uns ganz sch\u00f6n was fehlen. Und deswegen zeigen wir gern, wie wichtig sie uns sind \u2013 mit kleinen Aufmerksamkeiten und ausgefeilten Geschenken. Doch was w\u00fcnscht sich denn so ein Familienoberhaupt eigentlich? Dass Du&#8230;  <a class=\"excerpt-read-more\" href=\"https:\/\/aetka.de\/blog\/was-schenke-ich-meinem-vater\/\" title=\"Read Was schenke ich meinem Vater?\">Weiter &raquo;<\/a><\/p>\n","protected":false},"author":107,"featured_media":9015,"comment_status":"open","ping_status":"open","sticky":false,"template":"","format":"standard","meta":{"_editorskit_title_hidden":false,"_editorskit_reading_time":0,"_editorskit_is_block_options_detached":false,"_editorskit_block_options_position":"{}","footnotes":""},"categories":[1,5,12],"tags":[],"class_list":["post-6601","post","type-post","status-publish","format-standard","has-post-thumbnail","hentry","category-allgemein","category-fachhandel","category-ratgeber"],"yoast_head":"<!-- This site is optimized with the Yoast SEO plugin v27.3 - https:\/\/yoast.com\/product\/yoast-seo-wordpress\/ -->\n<title>Was schenke ich meinem Vater? | Technikideen im aetka Blog<\/title>\n<meta name=\"description\" content=\"Unsere Technikideen sind die perfekten Geschenke f\u00fcr den Vater - Jetzt informieren und immer das Richtige schenken!\" \/>\n<meta name=\"robots\" content=\"index, follow, max-snippet:-1, max-image-preview:large, max-video-preview:-1\" \/>\n<link rel=\"canonical\" href=\"https:\/\/aetka.de\/blog\/was-schenke-ich-meinem-vater\/\" \/>\n<meta property=\"og:locale\" content=\"de_DE\" \/>\n<meta property=\"og:type\" content=\"article\" \/>\n<meta property=\"og:title\" content=\"Was schenke ich meinem Vater? | Technikideen im aetka Blog\" \/>\n<meta property=\"og:description\" content=\"Unsere Technikideen sind die perfekten Geschenke f\u00fcr den Vater - Jetzt informieren und immer das Richtige schenken!\" \/>\n<meta property=\"og:url\" content=\"https:\/\/aetka.de\/blog\/was-schenke-ich-meinem-vater\/\" \/>\n<meta property=\"og:site_name\" content=\"aetka Blog\" \/>\n<meta property=\"article:publisher\" content=\"https:\/\/www.facebook.com\/aetka.ag\" \/>\n<meta property=\"article:published_time\" content=\"2024-11-08T13:00:31+00:00\" \/>\n<meta property=\"article:modified_time\" content=\"2024-11-08T13:59:29+00:00\" \/>\n<meta property=\"og:image\" content=\"https:\/\/aetka.de\/blog\/wp-content\/uploads\/2020\/12\/aetka-Blog_Weihnachtsgeschenk_papa.jpg\" \/>\n\t<meta property=\"og:image:width\" content=\"800\" \/>\n\t<meta property=\"og:image:height\" content=\"400\" \/>\n\t<meta property=\"og:image:type\" content=\"image\/jpeg\" \/>\n<meta name=\"author\" content=\"Marcel M\u00fcller\" \/>\n<meta name=\"twitter:card\" content=\"summary_large_image\" \/>\n<meta name=\"twitter:creator\" content=\"@aetka\" \/>\n<meta name=\"twitter:site\" content=\"@aetka\" \/>\n<meta name=\"twitter:label1\" content=\"Verfasst von\" \/>\n\t<meta name=\"twitter:data1\" content=\"Marcel M\u00fcller\" \/>\n\t<meta name=\"twitter:label2\" content=\"Gesch\u00e4tzte Lesezeit\" \/>\n\t<meta name=\"twitter:data2\" content=\"6\u00a0Minuten\" \/>\n<script type=\"application\/ld+json\" class=\"yoast-schema-graph\">{\"@context\":\"https:\\\/\\\/schema.org\",\"@graph\":[{\"@type\":\"Article\",\"@id\":\"https:\\\/\\\/aetka.de\\\/blog\\\/was-schenke-ich-meinem-vater\\\/#article\",\"isPartOf\":{\"@id\":\"https:\\\/\\\/aetka.de\\\/blog\\\/was-schenke-ich-meinem-vater\\\/\"},\"author\":{\"name\":\"Marcel M\u00fcller\",\"@id\":\"https:\\\/\\\/aetka.de\\\/blog\\\/#\\\/schema\\\/person\\\/d12afb2c3bfbbee8d064c499289261dd\"},\"headline\":\"Was schenke ich meinem Vater?\",\"datePublished\":\"2024-11-08T13:00:31+00:00\",\"dateModified\":\"2024-11-08T13:59:29+00:00\",\"mainEntityOfPage\":{\"@id\":\"https:\\\/\\\/aetka.de\\\/blog\\\/was-schenke-ich-meinem-vater\\\/\"},\"wordCount\":972,\"commentCount\":0,\"image\":{\"@id\":\"https:\\\/\\\/aetka.de\\\/blog\\\/was-schenke-ich-meinem-vater\\\/#primaryimage\"},\"thumbnailUrl\":\"https:\\\/\\\/aetka.de\\\/blog\\\/wp-content\\\/uploads\\\/2020\\\/12\\\/aetka-Blog_Weihnachtsgeschenk_papa.jpg\",\"articleSection\":{\"1\":\"Fachhandel\",\"2\":\"Ratgeber\"},\"inLanguage\":\"de\",\"potentialAction\":[{\"@type\":\"CommentAction\",\"name\":\"Comment\",\"target\":[\"https:\\\/\\\/aetka.de\\\/blog\\\/was-schenke-ich-meinem-vater\\\/#respond\"]}]},{\"@type\":\"WebPage\",\"@id\":\"https:\\\/\\\/aetka.de\\\/blog\\\/was-schenke-ich-meinem-vater\\\/\",\"url\":\"https:\\\/\\\/aetka.de\\\/blog\\\/was-schenke-ich-meinem-vater\\\/\",\"name\":\"Was schenke ich meinem Vater? | Technikideen im aetka Blog\",\"isPartOf\":{\"@id\":\"https:\\\/\\\/aetka.de\\\/blog\\\/#website\"},\"primaryImageOfPage\":{\"@id\":\"https:\\\/\\\/aetka.de\\\/blog\\\/was-schenke-ich-meinem-vater\\\/#primaryimage\"},\"image\":{\"@id\":\"https:\\\/\\\/aetka.de\\\/blog\\\/was-schenke-ich-meinem-vater\\\/#primaryimage\"},\"thumbnailUrl\":\"https:\\\/\\\/aetka.de\\\/blog\\\/wp-content\\\/uploads\\\/2020\\\/12\\\/aetka-Blog_Weihnachtsgeschenk_papa.jpg\",\"datePublished\":\"2024-11-08T13:00:31+00:00\",\"dateModified\":\"2024-11-08T13:59:29+00:00\",\"author\":{\"@id\":\"https:\\\/\\\/aetka.de\\\/blog\\\/#\\\/schema\\\/person\\\/d12afb2c3bfbbee8d064c499289261dd\"},\"description\":\"Unsere Technikideen sind die perfekten Geschenke f\u00fcr den Vater - Jetzt informieren und immer das Richtige schenken!\",\"breadcrumb\":{\"@id\":\"https:\\\/\\\/aetka.de\\\/blog\\\/was-schenke-ich-meinem-vater\\\/#breadcrumb\"},\"inLanguage\":\"de\",\"potentialAction\":[{\"@type\":\"ReadAction\",\"target\":[\"https:\\\/\\\/aetka.de\\\/blog\\\/was-schenke-ich-meinem-vater\\\/\"]}]},{\"@type\":\"ImageObject\",\"inLanguage\":\"de\",\"@id\":\"https:\\\/\\\/aetka.de\\\/blog\\\/was-schenke-ich-meinem-vater\\\/#primaryimage\",\"url\":\"https:\\\/\\\/aetka.de\\\/blog\\\/wp-content\\\/uploads\\\/2020\\\/12\\\/aetka-Blog_Weihnachtsgeschenk_papa.jpg\",\"contentUrl\":\"https:\\\/\\\/aetka.de\\\/blog\\\/wp-content\\\/uploads\\\/2020\\\/12\\\/aetka-Blog_Weihnachtsgeschenk_papa.jpg\",\"width\":800,\"height\":400,\"caption\":\"Papa Geschenke aetka Blog\"},{\"@type\":\"BreadcrumbList\",\"@id\":\"https:\\\/\\\/aetka.de\\\/blog\\\/was-schenke-ich-meinem-vater\\\/#breadcrumb\",\"itemListElement\":[{\"@type\":\"ListItem\",\"position\":1,\"name\":\"Startseite\",\"item\":\"https:\\\/\\\/aetka.de\\\/blog\\\/\"},{\"@type\":\"ListItem\",\"position\":2,\"name\":\"Was schenke ich meinem Vater?\"}]},{\"@type\":\"WebSite\",\"@id\":\"https:\\\/\\\/aetka.de\\\/blog\\\/#website\",\"url\":\"https:\\\/\\\/aetka.de\\\/blog\\\/\",\"name\":\"aetka Blog\",\"description\":\"\",\"potentialAction\":[{\"@type\":\"SearchAction\",\"target\":{\"@type\":\"EntryPoint\",\"urlTemplate\":\"https:\\\/\\\/aetka.de\\\/blog\\\/?s={search_term_string}\"},\"query-input\":{\"@type\":\"PropertyValueSpecification\",\"valueRequired\":true,\"valueName\":\"search_term_string\"}}],\"inLanguage\":\"de\"},{\"@type\":\"Person\",\"@id\":\"https:\\\/\\\/aetka.de\\\/blog\\\/#\\\/schema\\\/person\\\/d12afb2c3bfbbee8d064c499289261dd\",\"name\":\"Marcel M\u00fcller\",\"image\":{\"@type\":\"ImageObject\",\"inLanguage\":\"de\",\"@id\":\"https:\\\/\\\/aetka.de\\\/blog\\\/wp-content\\\/uploads\\\/2024\\\/03\\\/avatar_user_107_1711111744-96x96.jpeg\",\"url\":\"https:\\\/\\\/aetka.de\\\/blog\\\/wp-content\\\/uploads\\\/2024\\\/03\\\/avatar_user_107_1711111744-96x96.jpeg\",\"contentUrl\":\"https:\\\/\\\/aetka.de\\\/blog\\\/wp-content\\\/uploads\\\/2024\\\/03\\\/avatar_user_107_1711111744-96x96.jpeg\",\"caption\":\"Marcel M\u00fcller\"}}]}<\/script>\n<!-- \/ Yoast SEO plugin. -->","yoast_head_json":{"title":"Was schenke ich meinem Vater? | Technikideen im aetka Blog","description":"Unsere Technikideen sind die perfekten Geschenke f\u00fcr den Vater - Jetzt informieren und immer das Richtige schenken!","robots":{"index":"index","follow":"follow","max-snippet":"max-snippet:-1","max-image-preview":"max-image-preview:large","max-video-preview":"max-video-preview:-1"},"canonical":"https:\/\/aetka.de\/blog\/was-schenke-ich-meinem-vater\/","og_locale":"de_DE","og_type":"article","og_title":"Was schenke ich meinem Vater? | Technikideen im aetka Blog","og_description":"Unsere Technikideen sind die perfekten Geschenke f\u00fcr den Vater - Jetzt informieren und immer das Richtige schenken!","og_url":"https:\/\/aetka.de\/blog\/was-schenke-ich-meinem-vater\/","og_site_name":"aetka Blog","article_publisher":"https:\/\/www.facebook.com\/aetka.ag","article_published_time":"2024-11-08T13:00:31+00:00","article_modified_time":"2024-11-08T13:59:29+00:00","og_image":[{"width":800,"height":400,"url":"https:\/\/aetka.de\/blog\/wp-content\/uploads\/2020\/12\/aetka-Blog_Weihnachtsgeschenk_papa.jpg","type":"image\/jpeg"}],"author":"Marcel M\u00fcller","twitter_card":"summary_large_image","twitter_creator":"@aetka","twitter_site":"@aetka","twitter_misc":{"Verfasst von":"Marcel M\u00fcller","Gesch\u00e4tzte Lesezeit":"6\u00a0Minuten"},"schema":{"@context":"https:\/\/schema.org","@graph":[{"@type":"Article","@id":"https:\/\/aetka.de\/blog\/was-schenke-ich-meinem-vater\/#article","isPartOf":{"@id":"https:\/\/aetka.de\/blog\/was-schenke-ich-meinem-vater\/"},"author":{"name":"Marcel M\u00fcller","@id":"https:\/\/aetka.de\/blog\/#\/schema\/person\/d12afb2c3bfbbee8d064c499289261dd"},"headline":"Was schenke ich meinem Vater?","datePublished":"2024-11-08T13:00:31+00:00","dateModified":"2024-11-08T13:59:29+00:00","mainEntityOfPage":{"@id":"https:\/\/aetka.de\/blog\/was-schenke-ich-meinem-vater\/"},"wordCount":972,"commentCount":0,"image":{"@id":"https:\/\/aetka.de\/blog\/was-schenke-ich-meinem-vater\/#primaryimage"},"thumbnailUrl":"https:\/\/aetka.de\/blog\/wp-content\/uploads\/2020\/12\/aetka-Blog_Weihnachtsgeschenk_papa.jpg","articleSection":{"1":"Fachhandel","2":"Ratgeber"},"inLanguage":"de","potentialAction":[{"@type":"CommentAction","name":"Comment","target":["https:\/\/aetka.de\/blog\/was-schenke-ich-meinem-vater\/#respond"]}]},{"@type":"WebPage","@id":"https:\/\/aetka.de\/blog\/was-schenke-ich-meinem-vater\/","url":"https:\/\/aetka.de\/blog\/was-schenke-ich-meinem-vater\/","name":"Was schenke ich meinem Vater? | Technikideen im aetka Blog","isPartOf":{"@id":"https:\/\/aetka.de\/blog\/#website"},"primaryImageOfPage":{"@id":"https:\/\/aetka.de\/blog\/was-schenke-ich-meinem-vater\/#primaryimage"},"image":{"@id":"https:\/\/aetka.de\/blog\/was-schenke-ich-meinem-vater\/#primaryimage"},"thumbnailUrl":"https:\/\/aetka.de\/blog\/wp-content\/uploads\/2020\/12\/aetka-Blog_Weihnachtsgeschenk_papa.jpg","datePublished":"2024-11-08T13:00:31+00:00","dateModified":"2024-11-08T13:59:29+00:00","author":{"@id":"https:\/\/aetka.de\/blog\/#\/schema\/person\/d12afb2c3bfbbee8d064c499289261dd"},"description":"Unsere Technikideen sind die perfekten Geschenke f\u00fcr den Vater - Jetzt informieren und immer das Richtige schenken!","breadcrumb":{"@id":"https:\/\/aetka.de\/blog\/was-schenke-ich-meinem-vater\/#breadcrumb"},"inLanguage":"de","potentialAction":[{"@type":"ReadAction","target":["https:\/\/aetka.de\/blog\/was-schenke-ich-meinem-vater\/"]}]},{"@type":"ImageObject","inLanguage":"de","@id":"https:\/\/aetka.de\/blog\/was-schenke-ich-meinem-vater\/#primaryimage","url":"https:\/\/aetka.de\/blog\/wp-content\/uploads\/2020\/12\/aetka-Blog_Weihnachtsgeschenk_papa.jpg","contentUrl":"https:\/\/aetka.de\/blog\/wp-content\/uploads\/2020\/12\/aetka-Blog_Weihnachtsgeschenk_papa.jpg","width":800,"height":400,"caption":"Papa Geschenke aetka Blog"},{"@type":"BreadcrumbList","@id":"https:\/\/aetka.de\/blog\/was-schenke-ich-meinem-vater\/#breadcrumb","itemListElement":[{"@type":"ListItem","position":1,"name":"Startseite","item":"https:\/\/aetka.de\/blog\/"},{"@type":"ListItem","position":2,"name":"Was schenke ich meinem Vater?"}]},{"@type":"WebSite","@id":"https:\/\/aetka.de\/blog\/#website","url":"https:\/\/aetka.de\/blog\/","name":"aetka Blog","description":"","potentialAction":[{"@type":"SearchAction","target":{"@type":"EntryPoint","urlTemplate":"https:\/\/aetka.de\/blog\/?s={search_term_string}"},"query-input":{"@type":"PropertyValueSpecification","valueRequired":true,"valueName":"search_term_string"}}],"inLanguage":"de"},{"@type":"Person","@id":"https:\/\/aetka.de\/blog\/#\/schema\/person\/d12afb2c3bfbbee8d064c499289261dd","name":"Marcel M\u00fcller","image":{"@type":"ImageObject","inLanguage":"de","@id":"https:\/\/aetka.de\/blog\/wp-content\/uploads\/2024\/03\/avatar_user_107_1711111744-96x96.jpeg","url":"https:\/\/aetka.de\/blog\/wp-content\/uploads\/2024\/03\/avatar_user_107_1711111744-96x96.jpeg","contentUrl":"https:\/\/aetka.de\/blog\/wp-content\/uploads\/2024\/03\/avatar_user_107_1711111744-96x96.jpeg","caption":"Marcel M\u00fcller"}}]}},"_links":{"self":[{"href":"https:\/\/aetka.de\/blog\/wp-json\/wp\/v2\/posts\/6601","targetHints":{"allow":["GET"]}}],"collection":[{"href":"https:\/\/aetka.de\/blog\/wp-json\/wp\/v2\/posts"}],"about":[{"href":"https:\/\/aetka.de\/blog\/wp-json\/wp\/v2\/types\/post"}],"author":[{"embeddable":true,"href":"https:\/\/aetka.de\/blog\/wp-json\/wp\/v2\/users\/107"}],"replies":[{"embeddable":true,"href":"https:\/\/aetka.de\/blog\/wp-json\/wp\/v2\/comments?post=6601"}],"version-history":[{"count":42,"href":"https:\/\/aetka.de\/blog\/wp-json\/wp\/v2\/posts\/6601\/revisions"}],"predecessor-version":[{"id":11235,"href":"https:\/\/aetka.de\/blog\/wp-json\/wp\/v2\/posts\/6601\/revisions\/11235"}],"wp:featuredmedia":[{"embeddable":true,"href":"https:\/\/aetka.de\/blog\/wp-json\/wp\/v2\/media\/9015"}],"wp:attachment":[{"href":"https:\/\/aetka.de\/blog\/wp-json\/wp\/v2\/media?parent=6601"}],"wp:term":[{"taxonomy":"category","embeddable":true,"href":"https:\/\/aetka.de\/blog\/wp-json\/wp\/v2\/categories?post=6601"},{"taxonomy":"post_tag","embeddable":true,"href":"https:\/\/aetka.de\/blog\/wp-json\/wp\/v2\/tags?post=6601"}],"curies":[{"name":"wp","href":"https:\/\/api.w.org\/{rel}","templated":true}]}}