{"id":6472,"date":"2024-11-27T10:52:59","date_gmt":"2024-11-27T08:52:59","guid":{"rendered":"https:\/\/aetka.de\/blog\/?p=6472"},"modified":"2024-12-11T12:14:18","modified_gmt":"2024-12-11T10:14:18","slug":"was-schenke-ich-oma-und-opa","status":"publish","type":"post","link":"https:\/\/aetka.de\/blog\/was-schenke-ich-oma-und-opa\/","title":{"rendered":"Was schenke ich meiner Oma und meinem Opa?"},"content":{"rendered":"<p><strong>Du kennst bestimmt diese Situation: Oma und Opa haben Geburtstag oder Weihnachten steht vor der T\u00fcr und diese Frage aller Fragen steht im Raum: Was w\u00fcnschen sich die Gro\u00dfeltern eigentlich? Was kann man den lieben in seiner Familie Gutes tun, die sich immer so dar\u00fcber freuen, wenn man bei ihnen ist? Was w\u00e4re das passende Geschenk? Sollen es wieder Socken sein oder das zwanzigste Bild von einem Selbst auf Kissen, Kalender oder Tasse?<\/strong><br \/>\n<!--more--><\/p>\n<p>Klar, Oma und Opa freuen sich sowieso \u00fcber alles \u2026 aber wie w\u00e4re es mit etwas N\u00fctzlichem, das \u2013 im wahrsten Sinne des Wortes \u2013 wirklich verbindet? Ich habe ein paar echte Geheimtipps f\u00fcr Dich.<\/p>\n<h2>F\u00fcr Lesevergn\u00fcgen an ruhigen Abenden: PocketBook InkPad X Pro DACH-Version<\/h2>\n<p>B\u00fccher lesen ist ein willkommenes Hobby insbesondere im Alter und im Rentenalter bietet sich das an. Eine coole und technische Alternative zu B\u00fcchern kann ein PocketBook sein. Das hat den gro\u00dfen Vorteil, dass man die Textgr\u00f6\u00dfe individuell anpassen kann, was das Lesevergn\u00fcgen enorm steigert. Eine SMARTlight-Funktion erm\u00f6glicht idealen Lesekomfort bei allen Lichtverh\u00e4ltnissen. Mit der adaptiven Displaybeleuchtung kann sowohl die Helligkeit als auch die Farbtemperatur des Bildschirms eingestellt und zwischen warmen und k\u00fchlen T\u00f6nen gew\u00e4hlt werden.<\/p>\n<p>Dank E-Ink-Technologie ist der Bildschirm des E-Readers augenfreundlich und blendfrei, so dass man jederzeit und \u00fcberall lesen kann.<\/p>\n<img decoding=\"async\" class=\"alignnone wp-image-11270 size-bones-thumb-400\" src=\"https:\/\/aetka.de\/blog\/wp-content\/uploads\/2023\/11\/PocketBook-400x253.jpg\" alt=\"\" width=\"400\" height=\"253\" srcset=\"https:\/\/aetka.de\/blog\/wp-content\/uploads\/2023\/11\/PocketBook-400x253.jpg 400w, https:\/\/aetka.de\/blog\/wp-content\/uploads\/2023\/11\/PocketBook-300x190.jpg 300w, https:\/\/aetka.de\/blog\/wp-content\/uploads\/2023\/11\/PocketBook-1024x649.jpg 1024w, https:\/\/aetka.de\/blog\/wp-content\/uploads\/2023\/11\/PocketBook-768x486.jpg 768w, https:\/\/aetka.de\/blog\/wp-content\/uploads\/2023\/11\/PocketBook-1536x973.jpg 1536w, https:\/\/aetka.de\/blog\/wp-content\/uploads\/2023\/11\/PocketBook-800x507.jpg 800w, https:\/\/aetka.de\/blog\/wp-content\/uploads\/2023\/11\/PocketBook.jpg 1920w\" sizes=\"(max-width: 400px) 100vw, 400px\" \/>\n<p>&nbsp;<\/p>\n<div class=\"atkp-container atkp-wide-box  atkp-template-wide\">\n                        <div class=\"atkp-box atkp-clearfix \"\n                 style=\"\">\n                <div class=\"atkp-predicateheadline atkp-predicate-highlight\">\n                    <span><\/span><\/div>\n                <div class=\"atkp-thumb\">\n                                            <a href=\"https:\/\/aetka.de\/shop\/computer-tablets\/ebook-reader\/19115\/pocketbook-inkpad-x-pro-dach-version?utm_source=aetka&utm_medium=blog\" rel=\"sponsored nofollow noopener\" target=\"_blank\"  title=\"Jetzt kaufen im aetka Shop\"><img decoding=\"async\" class=\"atkp-image\"\n                                                                             src=\"https:\/\/aetka.de\/shop\/media\/image\/31\/d7\/5f\/1fba2911-4e8b-4e39-be2e-a82e364004c4_screenGrXV4XbvFuIyFJQ_600x600.jpg\"\n                                                                             alt=\"PocketBook InkPad X Pro DACH-Version\"\/><\/a>\n                                                                                <\/div>\n                <div class=\"atkp-content\">\n                                            <a class=\"atkp-title\" href=\"https:\/\/aetka.de\/shop\/computer-tablets\/ebook-reader\/19115\/pocketbook-inkpad-x-pro-dach-version?utm_source=aetka&utm_medium=blog\" rel=\"sponsored nofollow noopener\" target=\"_blank\"  title=\"Jetzt kaufen im aetka Shop\">PocketBook InkPad X Pro DACH-Version<\/a>\n                                        <div class=\"atkp-author\"><\/div>\n\n                    <div class=\"atkp-description\">\n\n                                                    <div class=\"atkp-procontra\">\n                                                                                            <\/div>\n                                            <\/div>\n                <\/div>\n                <div class=\"atkp-bottom\">\n                                            <span class=\"atkp-price atkp-listprice\"><\/span>\n                                                                <span class=\"atkp-price atkp-savedamount\"><\/span>\n                                                                <span class=\"atkp-price atkp-saleprice\">\n                            &nbsp;Preis nicht verf&uuml;gbar\n                                                            <span class=\"atkp_price atkp-baseprice\"><\/span>\n                                                    <\/span>\n                    \n                                            <a href=\"https:\/\/aetka.de\/shop\/computer-tablets\/ebook-reader\/19115\/pocketbook-inkpad-x-pro-dach-version?utm_source=aetka&utm_medium=blog\" rel=\"sponsored nofollow noopener\" target=\"_blank\"  title=\"Jetzt kaufen im aetka Shop\" class=\"atkp-button\">Zum Angebot<\/a>\n                                                            <div class=\"atkp-container\"><\/div>\n                                            <span class=\"atkp-priceinfo\">Preis inkl. MwSt., zzgl. Versandkosten<\/span>\n                                    <\/div>\n            <\/div>\n                            <span class=\"atkp-disclaimer\">Zuletzt aktualisiert am 22. Januar 2026 um 8:39 . Wir weisen darauf hin, dass sich hier angezeigte Preise inzwischen ge\u00e4ndert haben k\u00f6nnen. Alle Angaben ohne Gew\u00e4hr.<\/span>\n            <\/div>\n\n<ul>\n<li><span style=\"font-size: 1.125em;\">Die Highlights des PocketBook InkPad X Pro im \u00dcberblick<\/span><\/li>\n<\/ul>\n<p>\u2022 Reflexionsfreier 26,12 cm (10,3 Zoll) gro\u00dfer E-Ink Mobius Touchscreen<br \/>\n\u2022 Leistungsstarker Quad-Core-Prozessor und 2 GB RAM f\u00fcr reibungsloses Lesen und Arbeiten<br \/>\n\u2022 32 GB interner Speicher f\u00fcr eine umfangreiche Bibliothek<br \/>\n\u2022 Unterst\u00fctzung von 17 Buch- und Grafikformaten und 2 Audioformaten<br \/>\n\u2022 Ger\u00e4tegr\u00f6\u00dfe von 24,9 \u0445 17,34 \u0445 0,77 cm<br \/>\n\u2022 Gewicht: 350 g<\/p>\n<h2>Was schenke ich meinem Opa: Samsung Galaxy Tab A9+<\/h2>\n<p>Jeder kennt sie: die Familien-WhatsApp-Gruppe, in der Erinnerungen geteilt, lustige GIF ausgetauscht und manche seltsame Sprachnachrichten geschickt werden. Doch wie ist es mit Oma und Opa? Meistens bleiben sie dabei au\u00dfen vor. Dabei sind es unsere Gro\u00dfeltern, die sich am meisten dar\u00fcber freuen, wenn der j\u00fcngste Enkel sein erstes Tor f\u00fcr den st\u00e4dtischen Fu\u00dfballverein geschossen hat und stolz sein L\u00e4cheln zeigt \u2013 \u201eMensch, der ist aber schon gro\u00df geworden\u201c \u2013 oder die Tochter einen Kuchen nach Familien-Rezept gebacken hat \u2013 lecker!<\/p>\n<p>Das Galaxy Tab A9+ kann nicht nur Einsteiger in die digitale Welt begeistern. Auch erfahrene Tablet-Profis k\u00f6nnen hier eine \u00fcberraschend produktive Tablet-Erfahrung machen.<\/p>\n<img decoding=\"async\" class=\"alignnone wp-image-11275 size-full\" src=\"https:\/\/aetka.de\/blog\/wp-content\/uploads\/2023\/11\/Samsung-Galaxy-Tab.jpg\" alt=\"\" width=\"1920\" height=\"1280\" srcset=\"https:\/\/aetka.de\/blog\/wp-content\/uploads\/2023\/11\/Samsung-Galaxy-Tab.jpg 1920w, https:\/\/aetka.de\/blog\/wp-content\/uploads\/2023\/11\/Samsung-Galaxy-Tab-300x200.jpg 300w, https:\/\/aetka.de\/blog\/wp-content\/uploads\/2023\/11\/Samsung-Galaxy-Tab-1024x683.jpg 1024w, https:\/\/aetka.de\/blog\/wp-content\/uploads\/2023\/11\/Samsung-Galaxy-Tab-768x512.jpg 768w, https:\/\/aetka.de\/blog\/wp-content\/uploads\/2023\/11\/Samsung-Galaxy-Tab-1536x1024.jpg 1536w, https:\/\/aetka.de\/blog\/wp-content\/uploads\/2023\/11\/Samsung-Galaxy-Tab-800x533.jpg 800w, https:\/\/aetka.de\/blog\/wp-content\/uploads\/2023\/11\/Samsung-Galaxy-Tab-400x267.jpg 400w\" sizes=\"(max-width: 1920px) 100vw, 1920px\" \/>\n<p>F\u00fcr ein langes Vergn\u00fcgen h\u00e4lt der ausdauernde Akku viele Stunden zuverl\u00e4ssig f\u00fcr den wechselseitigen Einsatz durch Oma und Opa durch. Und dank 5G-Konnnektivit\u00e4t k\u00f6nnen Oma und Opa auch unterwegs schnell mit der Welt verbunden bleiben \u2013 unabh\u00e4ngig von einem vorhandenen WLAN.<\/p>\n<h3>Die Highlights des Samsung Galaxy Tab A9 im \u00dcberblick<\/h3>\n<ul>\n<li>\u2022 Pures Sehvergn\u00fcgen: gro\u00dfes Display mit viel Platz f\u00fcr Apps, Games und Filme<br \/>\n\u2022 Produktivit\u00e4ts-Tool: starker Prozessor &amp; Multitasking-Funktionen<br \/>\n\u2022 27,82 cm (11 Zoll) PLS TFT Display<br \/>\n\u2022 4 GB RAM und 64 GB interner Speicher (erweiterbar)<\/li>\n<li><\/li>\n<li><div class=\"atkp-container atkp-grid_3_columns-box  atkp-template-grid_3_columns\">\n            <div class=\"atkp-clearfix atkp-box-3-cols \">\n                            <div class=\"atkp-box atkp-smallbox atkp-box-3-cols-item atkp-clearfix \">\n                    <div class=\"atkp-thumb\">\n                                                    <a href=\"https:\/\/aetka.de\/shop\/computer-tablets\/tablet\/15749\/samsung-x216b-galaxy-tab-a9-11-0-5g-64-gb-graphite?utm_source=aetka&utm_medium=blog\" rel=\"sponsored nofollow noopener\" target=\"_blank\"  title=\"Jetzt kaufen im aetka Shop\"><img decoding=\"async\" class=\"atkp-image\"\n                                                                                 src=\"https:\/\/aetka.de\/shop\/media\/image\/66\/48\/49\/9981ac3b-d5d3-4171-a0f6-ff012e0f3f0f_screenGr_600x600.jpg\"\n                                                                                 alt=\"Samsung X216B Galaxy Tab A9+ 11,0&#039;&#039; 5G 64 GB (Graphite)\"\/><\/a>\n                                            <\/div>\n                    <div class=\"atkp-content\">\n                                                    <a class=\"atkp-title\" href=\"https:\/\/aetka.de\/shop\/computer-tablets\/tablet\/15749\/samsung-x216b-galaxy-tab-a9-11-0-5g-64-gb-graphite?utm_source=aetka&utm_medium=blog\" rel=\"sponsored nofollow noopener\" target=\"_blank\"  title=\"Jetzt kaufen im aetka Shop\">Samsung X216B Galaxy Tab A9+ 11,0&#039;&#039; 5G 64 GB <\/a>\n                                                <div class=\"atkp-author\"><\/div>\n                    <\/div>\n                    <div class=\"atkp-bottom\">\n                        <div class=\"atkp-ratingbar\">\n                                                        <div class=\"atkp-primelogo\"><\/div>\n                            <div class=\"atkp-clearfix\"><\/div>\n                        <\/div>\n                                                    <span class=\"atkp-price atkp-saleprice\">\n                                Preis nicht verf&uuml;gbar\n                                                                    <span class=\"atkp_price atkp-baseprice\"><\/span>\n                                                            <\/span>\n                                                                            <a href=\"https:\/\/aetka.de\/shop\/computer-tablets\/tablet\/15749\/samsung-x216b-galaxy-tab-a9-11-0-5g-64-gb-graphite?utm_source=aetka&utm_medium=blog\" rel=\"sponsored nofollow noopener\" target=\"_blank\"  title=\"Jetzt kaufen im aetka Shop\" class=\"atkp-button\">Zum Angebot<\/a>\n                        \n                        \n                                                    <span class=\"atkp-priceinfo\">Preis inkl. MwSt., zzgl. Versandkosten<\/span>\n                                                                    <\/div>\n                <\/div>\n                            <div class=\"atkp-box atkp-smallbox atkp-box-3-cols-item atkp-clearfix \">\n                    <div class=\"atkp-thumb\">\n                                                    <a href=\"https:\/\/aetka.de\/shop\/computer-tablets\/tablet\/21159\/samsung-x216b-galaxy-tab-a9-11-0-5g-128-gb-graphite-eu?utm_source=aetka&utm_medium=blog\" rel=\"sponsored nofollow noopener\" target=\"_blank\"  title=\"Jetzt kaufen im aetka Shop\"><img decoding=\"async\" class=\"atkp-image\"\n                                                                                 src=\"https:\/\/aetka.de\/shop\/media\/image\/7d\/98\/41\/de0208ac-e1ff-4c20-9354-dd369bda4967_screenGrFRlKODxSL8DWt_600x600.jpg\"\n                                                                                 alt=\"Samsung X216B Galaxy Tab A9+ 11,0&#039;&#039; 5G 128 GB (Graphite) EU\"\/><\/a>\n                                            <\/div>\n                    <div class=\"atkp-content\">\n                                                    <a class=\"atkp-title\" href=\"https:\/\/aetka.de\/shop\/computer-tablets\/tablet\/21159\/samsung-x216b-galaxy-tab-a9-11-0-5g-128-gb-graphite-eu?utm_source=aetka&utm_medium=blog\" rel=\"sponsored nofollow noopener\" target=\"_blank\"  title=\"Jetzt kaufen im aetka Shop\">Samsung X216B Galaxy Tab A9+ 11,0&#039;&#039; 5G 128 GB<\/a>\n                                                <div class=\"atkp-author\"><\/div>\n                    <\/div>\n                    <div class=\"atkp-bottom\">\n                        <div class=\"atkp-ratingbar\">\n                                                        <div class=\"atkp-primelogo\"><\/div>\n                            <div class=\"atkp-clearfix\"><\/div>\n                        <\/div>\n                                                    <span class=\"atkp-price atkp-saleprice\">\n                                Preis nicht verf&uuml;gbar\n                                                                    <span class=\"atkp_price atkp-baseprice\"><\/span>\n                                                            <\/span>\n                                                                            <a href=\"https:\/\/aetka.de\/shop\/computer-tablets\/tablet\/21159\/samsung-x216b-galaxy-tab-a9-11-0-5g-128-gb-graphite-eu?utm_source=aetka&utm_medium=blog\" rel=\"sponsored nofollow noopener\" target=\"_blank\"  title=\"Jetzt kaufen im aetka Shop\" class=\"atkp-button\">Zum Angebot<\/a>\n                        \n                        \n                                                    <span class=\"atkp-priceinfo\">Preis inkl. MwSt., zzgl. Versandkosten<\/span>\n                                                                    <\/div>\n                <\/div>\n                            <div class=\"atkp-box atkp-smallbox atkp-box-3-cols-item atkp-clearfix \">\n                    <div class=\"atkp-thumb\">\n                                                    <a href=\"https:\/\/aetka.de\/shop\/computer-tablets\/tablet\/15748\/samsung-x216b-galaxy-tab-a9-11-0-5g-64-gb-silver?utm_source=aetka&utm_medium=blog\" rel=\"sponsored nofollow noopener\" target=\"_blank\"  title=\"Jetzt kaufen im aetka Shop\"><img decoding=\"async\" class=\"atkp-image\"\n                                                                                 src=\"https:\/\/aetka.de\/shop\/media\/image\/fc\/b5\/9a\/6c20a4c1-d2d8-4349-8beb-6c2df83f485f_screenGr_600x600.jpg\"\n                                                                                 alt=\"Samsung X216B Galaxy Tab A9+ 11,0&#039;&#039; 5G 64 GB (Silver)\"\/><\/a>\n                                            <\/div>\n                    <div class=\"atkp-content\">\n                                                    <a class=\"atkp-title\" href=\"https:\/\/aetka.de\/shop\/computer-tablets\/tablet\/15748\/samsung-x216b-galaxy-tab-a9-11-0-5g-64-gb-silver?utm_source=aetka&utm_medium=blog\" rel=\"sponsored nofollow noopener\" target=\"_blank\"  title=\"Jetzt kaufen im aetka Shop\">Samsung X216B Galaxy Tab A9+ 11,0&#039;&#039; 5G 64 GB <\/a>\n                                                <div class=\"atkp-author\"><\/div>\n                    <\/div>\n                    <div class=\"atkp-bottom\">\n                        <div class=\"atkp-ratingbar\">\n                                                        <div class=\"atkp-primelogo\"><\/div>\n                            <div class=\"atkp-clearfix\"><\/div>\n                        <\/div>\n                                                    <span class=\"atkp-price atkp-saleprice\">\n                                Preis nicht verf&uuml;gbar\n                                                                    <span class=\"atkp_price atkp-baseprice\"><\/span>\n                                                            <\/span>\n                                                                            <a href=\"https:\/\/aetka.de\/shop\/computer-tablets\/tablet\/15748\/samsung-x216b-galaxy-tab-a9-11-0-5g-64-gb-silver?utm_source=aetka&utm_medium=blog\" rel=\"sponsored nofollow noopener\" target=\"_blank\"  title=\"Jetzt kaufen im aetka Shop\" class=\"atkp-button\">Zum Angebot<\/a>\n                        \n                        \n                                                    <span class=\"atkp-priceinfo\">Preis inkl. MwSt., zzgl. Versandkosten<\/span>\n                                                                    <\/div>\n                <\/div>\n                    <\/div>\n                    <span class=\"atkp-disclaimer\">Zuletzt aktualisiert am 2. Juli 2025 um 8:39 . Wir weisen darauf hin, dass sich hier angezeigte Preise inzwischen ge\u00e4ndert haben k\u00f6nnen. Alle Angaben ohne Gew\u00e4hr.<\/span>\n            <\/div>\n<\/li>\n<\/ul>\n<h2>Bea-fon M7 Lite 4G Senior Smartphone<\/h2>\n<p>Beim Bea-fon M6 7 Lite kann jeder individuell entscheiden, ob er eine Android oder die eigens entwickelte Bea-fon-Oberfl\u00e4che nutzen will, mit der alle relevanten Apps \u00fcbersichtlich direkt auf dem Homescreen platziert werden k\u00f6nnen.<\/p>\n<p>Diese Funktion macht das Smartphone zum absoluten Preis-Leistungs-Champion. Du kannst Deinen Gro\u00dfeltern beispielsweise alles nach Ihren W\u00fcnschen einrichten, sodass sie sich auch \u2013 im Falle sie sind Smartphone-Neulinge \u2013 ganz leicht zurechtfinden. Mit dem Bea-fon M7 Lite bekommst Du somit alle Vorz\u00fcge eines normalen Android-Smartphones und paarst diese mit der Einfachheit eines Einsteiger- oder Seniorenhandys inkl. gro\u00dfer Schrift und Kacheln.<\/p>\n\n<p>M7 Lite ist das Seniorentelefon mit einem kapazitiven 13,97 cm (5,5 Zoll) Multi Touch Display und einer 13 Megapixel Haupt- und 8 Megapixel Frontkamera, welches einen Speicher von 3 GB RAM und 32 GB ROM bietet. Durch eine echte SOS-Notruftaste, dezent auf der Ger\u00e4ter\u00fcckseite hinterlegt, erhalten Oma und Opa in jeder Notsituation sofort Hilfe. Zudem \u00fcberzeugt es durch Freisprechfunktion, FM Radio, 4G (LTE) und einer H\u00f6rger\u00e4tekompatibilit\u00e4t M4\/T4.<\/p>\n<h3>Die Highlights des Bea-fon M7 Lite im \u00dcberblick:<\/h3>\n<ul>\n<li>\u2022 Exklusive Bea-fon-Oberfl\u00e4che f\u00fcr klare \u00dcbersicht zur Wahl<br \/>\n\u2022 Kapazitives 5,5 Zoll (13,97 cm) Multi Touch Display<br \/>\n\u2022 Hauptkamera 13 Megapixel und 8 Megapixel Frontkamera<br \/>\n\u2022 Akkulaufzeit von bis zu 240h im Standby Modus<\/li>\n<li>\u2022 H\u00f6rger\u00e4tekompatibel M4\/T4<\/li>\n<\/ul>\n<h2>Was schenke ich meiner Oma: Doro Watch<\/h2>\n<p>Jetzt haben wir Oma und Opa also mit einem Smartphone ausgestattet. F\u00fcr die komplette Absicherung und \u00dcberwachung der Gesundheit fehlt nur noch eine Smartwatch.\u00a0 Auch daf\u00fcr gibt es die passende L\u00f6sung, wor\u00fcber sich die beiden freuen werden.<\/p>\n<img decoding=\"async\" class=\"alignnone wp-image-10305 size-full\" src=\"https:\/\/aetka.de\/blog\/wp-content\/uploads\/2022\/11\/Oma_Doro_Watch.png\" alt=\"\" width=\"296\" height=\"373\" srcset=\"https:\/\/aetka.de\/blog\/wp-content\/uploads\/2022\/11\/Oma_Doro_Watch.png 296w, https:\/\/aetka.de\/blog\/wp-content\/uploads\/2022\/11\/Oma_Doro_Watch-238x300.png 238w\" sizes=\"(max-width: 296px) 100vw, 296px\" \/>\n<p>Mit der Doro Watch speziell f\u00fcr Senioren kannst Du ihnen helfen, aktiv und fit zu bleiben. Dank der einfachen Bedienung mit gro\u00dfen Symbolen, Akkulaufzeit bis zu 7 Tagen und Schutzklasse IP68, ist die Smartwatch ein zuverl\u00e4ssiger Begleiter. Mit ihr kann man jederzeit Herzfrequenz, Schlafqualit\u00e4t, verbrannte Kalorien und vieles mehr messen.<br \/>\nSelbstverst\u00e4ndlich ist eine Notruftaste f\u00fcr die volle Sicherheit auch mit dabei.<\/p>\n<ul>\n<li><div class=\"atkp-container atkp-grid_3_columns-box  atkp-template-grid_3_columns\">\n            <div class=\"atkp-clearfix atkp-box-3-cols \">\n                            <div class=\"atkp-box atkp-smallbox atkp-box-3-cols-item atkp-clearfix \">\n                    <div class=\"atkp-thumb\">\n                                                    <a href=\"https:\/\/aetka.de\/shop\/sport-freizeit\/wearables\/smartwatch\/12532\/doro-watch-graphite\/green?utm_source=aetka&utm_medium=blog\" rel=\"sponsored nofollow noopener\" target=\"_blank\"  title=\"Jetzt kaufen im aetka Shop\"><img decoding=\"async\" class=\"atkp-image\"\n                                                                                 src=\"https:\/\/aetka.de\/shop\/media\/image\/19\/1a\/f3\/acd1d045-2200-4882-afcc-ff2d0a398185_screenGraEZFPZdJY5lYR_600x600.jpg\"\n                                                                                 alt=\"Doro Watch Graphite\/Green\"\/><\/a>\n                                            <\/div>\n                    <div class=\"atkp-content\">\n                                                    <a class=\"atkp-title\" href=\"https:\/\/aetka.de\/shop\/sport-freizeit\/wearables\/smartwatch\/12532\/doro-watch-graphite\/green?utm_source=aetka&utm_medium=blog\" rel=\"sponsored nofollow noopener\" target=\"_blank\"  title=\"Jetzt kaufen im aetka Shop\">Doro Watch Graphite\/Green<\/a>\n                                                <div class=\"atkp-author\"><\/div>\n                    <\/div>\n                    <div class=\"atkp-bottom\">\n                        <div class=\"atkp-ratingbar\">\n                                                        <div class=\"atkp-primelogo\"><\/div>\n                            <div class=\"atkp-clearfix\"><\/div>\n                        <\/div>\n                                                    <span class=\"atkp-price atkp-saleprice\">\n                                Preis nicht verf&uuml;gbar\n                                                                    <span class=\"atkp_price atkp-baseprice\"><\/span>\n                                                            <\/span>\n                                                                            <a href=\"https:\/\/aetka.de\/shop\/sport-freizeit\/wearables\/smartwatch\/12532\/doro-watch-graphite\/green?utm_source=aetka&utm_medium=blog\" rel=\"sponsored nofollow noopener\" target=\"_blank\"  title=\"Jetzt kaufen im aetka Shop\" class=\"atkp-button\">Zum Angebot<\/a>\n                        \n                        \n                                                    <span class=\"atkp-priceinfo\">Preis inkl. MwSt., zzgl. Versandkosten<\/span>\n                                                                    <\/div>\n                <\/div>\n                            <div class=\"atkp-box atkp-smallbox atkp-box-3-cols-item atkp-clearfix \">\n                    <div class=\"atkp-thumb\">\n                                                    <a href=\"https:\/\/aetka.de\/shop\/sport-freizeit\/wearables\/smartwatch\/12531\/doro-watch-rose-gold\/pink?utm_source=aetka&utm_medium=blog\" rel=\"sponsored nofollow noopener\" target=\"_blank\"  title=\"Jetzt kaufen im aetka Shop\"><img decoding=\"async\" class=\"atkp-image\"\n                                                                                 src=\"https:\/\/aetka.de\/shop\/media\/image\/6d\/fb\/1b\/4a01a400-f674-4af9-b320-98e995b0adb4_screenGrRVY8adkgtKdKS_600x600.jpg\"\n                                                                                 alt=\"Doro Watch Rose-Gold\/Pink\"\/><\/a>\n                                            <\/div>\n                    <div class=\"atkp-content\">\n                                                    <a class=\"atkp-title\" href=\"https:\/\/aetka.de\/shop\/sport-freizeit\/wearables\/smartwatch\/12531\/doro-watch-rose-gold\/pink?utm_source=aetka&utm_medium=blog\" rel=\"sponsored nofollow noopener\" target=\"_blank\"  title=\"Jetzt kaufen im aetka Shop\">Doro Watch Rose-Gold\/Pink<\/a>\n                                                <div class=\"atkp-author\"><\/div>\n                    <\/div>\n                    <div class=\"atkp-bottom\">\n                        <div class=\"atkp-ratingbar\">\n                                                        <div class=\"atkp-primelogo\"><\/div>\n                            <div class=\"atkp-clearfix\"><\/div>\n                        <\/div>\n                                                    <span class=\"atkp-price atkp-saleprice\">\n                                Preis nicht verf&uuml;gbar\n                                                                    <span class=\"atkp_price atkp-baseprice\"><\/span>\n                                                            <\/span>\n                                                                            <a href=\"https:\/\/aetka.de\/shop\/sport-freizeit\/wearables\/smartwatch\/12531\/doro-watch-rose-gold\/pink?utm_source=aetka&utm_medium=blog\" rel=\"sponsored nofollow noopener\" target=\"_blank\"  title=\"Jetzt kaufen im aetka Shop\" class=\"atkp-button\">Zum Angebot<\/a>\n                        \n                        \n                                                    <span class=\"atkp-priceinfo\">Preis inkl. MwSt., zzgl. Versandkosten<\/span>\n                                                                    <\/div>\n                <\/div>\n                            <div class=\"atkp-box atkp-smallbox atkp-box-3-cols-item atkp-clearfix \">\n                    <div class=\"atkp-thumb\">\n                                                    <a href=\"https:\/\/aetka.de\/shop\/sport-freizeit\/wearables\/smartwatch\/12533\/doro-watch-graphite\/black?utm_source=aetka&utm_medium=blog\" rel=\"sponsored nofollow noopener\" target=\"_blank\"  title=\"Jetzt kaufen im aetka Shop\"><img decoding=\"async\" class=\"atkp-image\"\n                                                                                 src=\"https:\/\/aetka.de\/shop\/media\/image\/62\/dd\/71\/0e0e984d-fc60-4f17-aef2-dacdc2677203_screenGr8zEkTCIrwg9IM_600x600.jpg\"\n                                                                                 alt=\"Doro Watch Graphite\/Black\"\/><\/a>\n                                            <\/div>\n                    <div class=\"atkp-content\">\n                                                    <a class=\"atkp-title\" href=\"https:\/\/aetka.de\/shop\/sport-freizeit\/wearables\/smartwatch\/12533\/doro-watch-graphite\/black?utm_source=aetka&utm_medium=blog\" rel=\"sponsored nofollow noopener\" target=\"_blank\"  title=\"Jetzt kaufen im aetka Shop\">Doro Watch Graphite\/Black<\/a>\n                                                <div class=\"atkp-author\"><\/div>\n                    <\/div>\n                    <div class=\"atkp-bottom\">\n                        <div class=\"atkp-ratingbar\">\n                                                        <div class=\"atkp-primelogo\"><\/div>\n                            <div class=\"atkp-clearfix\"><\/div>\n                        <\/div>\n                                                    <span class=\"atkp-price atkp-saleprice\">\n                                Preis nicht verf&uuml;gbar\n                                                                    <span class=\"atkp_price atkp-baseprice\"><\/span>\n                                                            <\/span>\n                                                                            <a href=\"https:\/\/aetka.de\/shop\/sport-freizeit\/wearables\/smartwatch\/12533\/doro-watch-graphite\/black?utm_source=aetka&utm_medium=blog\" rel=\"sponsored nofollow noopener\" target=\"_blank\"  title=\"Jetzt kaufen im aetka Shop\" class=\"atkp-button\">Zum Angebot<\/a>\n                        \n                        \n                                                    <span class=\"atkp-priceinfo\">Preis inkl. MwSt., zzgl. Versandkosten<\/span>\n                                                                    <\/div>\n                <\/div>\n                    <\/div>\n                    <span class=\"atkp-disclaimer\">Zuletzt aktualisiert am 9. April 2025 um 8:49 . Wir weisen darauf hin, dass sich hier angezeigte Preise inzwischen ge\u00e4ndert haben k\u00f6nnen. Alle Angaben ohne Gew\u00e4hr.<\/span>\n            <\/div>\n<\/li>\n<\/ul>\n<p>&nbsp;<\/p>\n<h2>Gigaset E720 HX Festnetz-Telefon \u2013 Premium Gro\u00dftastentelefon mit Schutz vor unerw\u00fcnschten Anrufen<\/h2>\n<p>Festnetztelefone haben sich in den letzten Jahren enorm weiterentwickelt und sind nicht nur deshalb ein echter Tipp, wenn es um Geschenke f\u00fcr Oma und Opa geht.<\/p>\n<p>Durch integrierten Anrufer-Schutz haben Betr\u00fcger und Telefonwerbung keine Chance. Und die Entscheidung, welche Anrufe durchgestellt werden, trifft der Angerufene \u2013 Schluss mit f\u00e4lschlich abgeschlossenen Zeitungsabonnements, aus denen man nicht mehr herauskommt. Es l\u00e4sst sich einstellen, ob anonyme oder nur Telefonbuchkontakte \u00fcberhaupt durchgestellt werden. Das Gigaset E720 HX bietet noch viel mehr als das: sprechende W\u00e4hltasten, die die eingegebene Nummer ansagen, damit man sich nicht mehr verw\u00e4hlt oder die Belegung von Direktwahltasten, um alle wichtigen Menschen schnell und unkompliziert anzurufen.<\/p>\n<div id=\"attachment_6476\" style=\"width: 710px\" class=\"wp-caption aligncenter\"><img decoding=\"async\" aria-describedby=\"caption-attachment-6476\" class=\" wp-image-6476\" src=\"https:\/\/aetka.de\/blog\/wp-content\/uploads\/2020\/11\/gigaset-festnetztelefon.jpg\" alt=\"Gigaset Festnetztelefon\" width=\"700\" height=\"560\" srcset=\"https:\/\/aetka.de\/blog\/wp-content\/uploads\/2020\/11\/gigaset-festnetztelefon.jpg 700w, https:\/\/aetka.de\/blog\/wp-content\/uploads\/2020\/11\/gigaset-festnetztelefon-300x240.jpg 300w, https:\/\/aetka.de\/blog\/wp-content\/uploads\/2020\/11\/gigaset-festnetztelefon-400x320.jpg 400w\" sizes=\"(max-width: 700px) 100vw, 700px\" \/><p id=\"caption-attachment-6476\" class=\"wp-caption-text\">Mit dem integrierten Anrufschutz l\u00e4sst sich einstellen, welche Rufnummern durchgestellt werden &#8211; anonyme Anrufe geh\u00f6ren so der Vergangenheit an.<\/p><\/div>\n<p>Auch st\u00f6rende Hintergrundger\u00e4usche k\u00f6nnen mit dem cleveren Festnetz-Telefon ausgeblendet werden, damit sich Oma und Opa vollkommen auf die ersten S\u00e4tze des Enkels fokussieren k\u00f6nnen.<\/p>\n<h3>Die Highlights des Gigaset E720 HX im \u00dcberblick:<\/h3>\n<ul>\n<li>\u2022 Sprechende W\u00e4hltasten<br \/>\n\u2022 Ansage der Anrufer Namen<br \/>\n\u2022 Anruf\u00fcbertragung per Bluetooth auf Kopfh\u00f6rer oder H\u00f6rger\u00e4te<br \/>\n\u2022 Notruftaste f\u00fcr 4 SOS-Nummern<br \/>\n\u2022 Integrierter Anrufer-Schutz<\/li>\n<\/ul>\n<p>&nbsp;<\/p>\n<div class=\"atkp-container atkp-wide-box  atkp-template-wide\">\n                        <div class=\"atkp-box atkp-clearfix \"\n                 style=\"\">\n                <div class=\"atkp-predicateheadline atkp-predicate-highlight\">\n                    <span><\/span><\/div>\n                <div class=\"atkp-thumb\">\n                                            <a href=\"https:\/\/aetka.de\/shop\/handy-telefonie\/festnetztelefon\/schnurloses-telefon\/10389\/gigaset-mobilteil-e720hx-schwarz?utm_source=aetka&utm_medium=blog\" rel=\"sponsored nofollow noopener\" target=\"_blank\"  title=\"Jetzt kaufen im aetka Shop\"><img decoding=\"async\" class=\"atkp-image\"\n                                                                             src=\"https:\/\/aetka.de\/shop\/media\/image\/34\/92\/08\/1d3c48e9-3ccc-47a8-9911-56db65c07b8a_screenGr_600x600.jpg\"\n                                                                             alt=\"Gigaset Mobilteil E720HX schwarz\"\/><\/a>\n                                                                                <\/div>\n                <div class=\"atkp-content\">\n                                            <a class=\"atkp-title\" href=\"https:\/\/aetka.de\/shop\/handy-telefonie\/festnetztelefon\/schnurloses-telefon\/10389\/gigaset-mobilteil-e720hx-schwarz?utm_source=aetka&utm_medium=blog\" rel=\"sponsored nofollow noopener\" target=\"_blank\"  title=\"Jetzt kaufen im aetka Shop\">Gigaset Mobilteil E720HX schwarz<\/a>\n                                        <div class=\"atkp-author\"><\/div>\n\n                    <div class=\"atkp-description\"><ul>Das elegante Familienmobilteil mit praktischen Bedienungshilfen zum Anmelden an vorhandene DECTTelefonbasen und Router. Das Gigaset E720HX ist das Mobilteil f\u00fcr die ganze Familie. Es bietet sprechende W\u00e4hltasten eine direkte Anruf\u00fcbertragung per Bluetooth auf H\u00f6rger\u00e4te oder Headsets sowie eine SOSFunktion und vier Direktwahltasten. Alle Informationen k\u00f6nnen auf dem 58 cm (22 Zoll) gro\u00dfen Farbdisplay gut abgelesen werden. Dar\u00fcber hinaus bietet das Gigaset E720HX eine DisplayLupenfunktion. ECO DECT ist genauso an Bord wie der Betrieb als Babyphone.<\/ul>\n\n\n                                                    <div class=\"atkp-procontra\">\n                                                                                            <\/div>\n                                            <\/div>\n                <\/div>\n                <div class=\"atkp-bottom\">\n                                            <span class=\"atkp-price atkp-listprice\"><\/span>\n                                                                <span class=\"atkp-price atkp-savedamount\"><\/span>\n                                                                <span class=\"atkp-price atkp-saleprice\">\n                            &nbsp;Preis: &euro; 98,24\n                                                            <span class=\"atkp_price atkp-baseprice\"><\/span>\n                                                    <\/span>\n                    \n                                            <a href=\"https:\/\/aetka.de\/shop\/handy-telefonie\/festnetztelefon\/schnurloses-telefon\/10389\/gigaset-mobilteil-e720hx-schwarz?utm_source=aetka&utm_medium=blog\" rel=\"sponsored nofollow noopener\" target=\"_blank\"  title=\"Jetzt kaufen im aetka Shop\" class=\"atkp-button\">Zum Angebot<\/a>\n                                                            <div class=\"atkp-container\"><\/div>\n                                            <span class=\"atkp-priceinfo\">Preis inkl. MwSt., zzgl. Versandkosten<\/span>\n                                    <\/div>\n            <\/div>\n                            <span class=\"atkp-disclaimer\">Zuletzt aktualisiert am 27. April 2026 um 8:39 . Wir weisen darauf hin, dass sich hier angezeigte Preise inzwischen ge\u00e4ndert haben k\u00f6nnen. Alle Angaben ohne Gew\u00e4hr.<\/span>\n            <\/div>\n\n<p>Fragst Du Dich immer noch \u201eWas schenke ich meiner Oma oder meinem Opa?\u201c Du siehst \u2013 Gro\u00dfeltern w\u00fcnschen sich mehr als nur ein Paar neue Filzpantoffeln. Mit diesen Empfehlungen landest Du garantiert einen Volltreffer, wenn es Mal wieder an der Zeit ist, ein passendes Geschenk zu finden. Viel Spa\u00df beim Verschenken.<\/p>\n","protected":false},"excerpt":{"rendered":"<p>Du kennst bestimmt diese Situation: Oma und Opa haben Geburtstag oder Weihnachten steht vor der T\u00fcr und diese Frage aller Fragen steht im Raum: Was w\u00fcnschen sich die Gro\u00dfeltern eigentlich? Was kann man den lieben in seiner Familie Gutes tun, die sich immer so dar\u00fcber freuen, wenn man bei ihnen ist? Was w\u00e4re das passende&#8230;  <a class=\"excerpt-read-more\" href=\"https:\/\/aetka.de\/blog\/was-schenke-ich-oma-und-opa\/\" title=\"Read Was schenke ich meiner Oma und meinem Opa?\">Weiter &raquo;<\/a><\/p>\n","protected":false},"author":100,"featured_media":9011,"comment_status":"open","ping_status":"open","sticky":false,"template":"","format":"standard","meta":{"_editorskit_title_hidden":false,"_editorskit_reading_time":0,"_editorskit_is_block_options_detached":false,"_editorskit_block_options_position":"{}","footnotes":""},"categories":[1],"tags":[],"class_list":["post-6472","post","type-post","status-publish","format-standard","has-post-thumbnail","hentry","category-allgemein"],"yoast_head":"<!-- This site is optimized with the Yoast SEO plugin v27.3 - https:\/\/yoast.com\/product\/yoast-seo-wordpress\/ -->\n<title>Was schenke ich meiner Oma und meinem Opa? - aetka Blog<\/title>\n<meta name=\"description\" content=\"Unsere Technikideen sind die perfekten Geschenke f\u00fcr Oma und Opa - Jetzt informieren und immer das Richtige schenken!\" \/>\n<meta name=\"robots\" content=\"index, follow, max-snippet:-1, max-image-preview:large, max-video-preview:-1\" \/>\n<link rel=\"canonical\" href=\"https:\/\/aetka.de\/blog\/was-schenke-ich-oma-und-opa\/\" \/>\n<meta property=\"og:locale\" content=\"de_DE\" \/>\n<meta property=\"og:type\" content=\"article\" \/>\n<meta property=\"og:title\" content=\"Was schenke ich meiner Oma und meinem Opa? - aetka Blog\" \/>\n<meta property=\"og:description\" content=\"Unsere Technikideen sind die perfekten Geschenke f\u00fcr Oma und Opa - Jetzt informieren und immer das Richtige schenken!\" \/>\n<meta property=\"og:url\" content=\"https:\/\/aetka.de\/blog\/was-schenke-ich-oma-und-opa\/\" \/>\n<meta property=\"og:site_name\" content=\"aetka Blog\" \/>\n<meta property=\"article:publisher\" content=\"https:\/\/www.facebook.com\/aetka.ag\" \/>\n<meta property=\"article:published_time\" content=\"2024-11-27T08:52:59+00:00\" \/>\n<meta property=\"article:modified_time\" content=\"2024-12-11T10:14:18+00:00\" \/>\n<meta property=\"og:image\" content=\"https:\/\/aetka.de\/blog\/wp-content\/uploads\/2020\/11\/aetka-Blog_Oma-Opa_1200x628.jpg\" \/>\n\t<meta property=\"og:image:width\" content=\"1200\" \/>\n\t<meta property=\"og:image:height\" content=\"628\" \/>\n\t<meta property=\"og:image:type\" content=\"image\/jpeg\" \/>\n<meta name=\"author\" content=\"Nancy Tiefensee\" \/>\n<meta name=\"twitter:card\" content=\"summary_large_image\" \/>\n<meta name=\"twitter:creator\" content=\"@aetka\" \/>\n<meta name=\"twitter:site\" content=\"@aetka\" \/>\n<meta name=\"twitter:label1\" content=\"Verfasst von\" \/>\n\t<meta name=\"twitter:data1\" content=\"Nancy Tiefensee\" \/>\n\t<meta name=\"twitter:label2\" content=\"Gesch\u00e4tzte Lesezeit\" \/>\n\t<meta name=\"twitter:data2\" content=\"7\u00a0Minuten\" \/>\n<script type=\"application\/ld+json\" class=\"yoast-schema-graph\">{\"@context\":\"https:\\\/\\\/schema.org\",\"@graph\":[{\"@type\":\"Article\",\"@id\":\"https:\\\/\\\/aetka.de\\\/blog\\\/was-schenke-ich-oma-und-opa\\\/#article\",\"isPartOf\":{\"@id\":\"https:\\\/\\\/aetka.de\\\/blog\\\/was-schenke-ich-oma-und-opa\\\/\"},\"author\":{\"name\":\"Nancy Tiefensee\",\"@id\":\"https:\\\/\\\/aetka.de\\\/blog\\\/#\\\/schema\\\/person\\\/022ca78440b19e850ecc9e3f0e304bef\"},\"headline\":\"Was schenke ich meiner Oma und meinem Opa?\",\"datePublished\":\"2024-11-27T08:52:59+00:00\",\"dateModified\":\"2024-12-11T10:14:18+00:00\",\"mainEntityOfPage\":{\"@id\":\"https:\\\/\\\/aetka.de\\\/blog\\\/was-schenke-ich-oma-und-opa\\\/\"},\"wordCount\":1136,\"commentCount\":0,\"image\":{\"@id\":\"https:\\\/\\\/aetka.de\\\/blog\\\/was-schenke-ich-oma-und-opa\\\/#primaryimage\"},\"thumbnailUrl\":\"https:\\\/\\\/aetka.de\\\/blog\\\/wp-content\\\/uploads\\\/2022\\\/11\\\/aetka-Blog_Weihnachtsgeschenke.jpg\",\"inLanguage\":\"de\",\"potentialAction\":[{\"@type\":\"CommentAction\",\"name\":\"Comment\",\"target\":[\"https:\\\/\\\/aetka.de\\\/blog\\\/was-schenke-ich-oma-und-opa\\\/#respond\"]}]},{\"@type\":\"WebPage\",\"@id\":\"https:\\\/\\\/aetka.de\\\/blog\\\/was-schenke-ich-oma-und-opa\\\/\",\"url\":\"https:\\\/\\\/aetka.de\\\/blog\\\/was-schenke-ich-oma-und-opa\\\/\",\"name\":\"Was schenke ich meiner Oma und meinem Opa? - aetka Blog\",\"isPartOf\":{\"@id\":\"https:\\\/\\\/aetka.de\\\/blog\\\/#website\"},\"primaryImageOfPage\":{\"@id\":\"https:\\\/\\\/aetka.de\\\/blog\\\/was-schenke-ich-oma-und-opa\\\/#primaryimage\"},\"image\":{\"@id\":\"https:\\\/\\\/aetka.de\\\/blog\\\/was-schenke-ich-oma-und-opa\\\/#primaryimage\"},\"thumbnailUrl\":\"https:\\\/\\\/aetka.de\\\/blog\\\/wp-content\\\/uploads\\\/2022\\\/11\\\/aetka-Blog_Weihnachtsgeschenke.jpg\",\"datePublished\":\"2024-11-27T08:52:59+00:00\",\"dateModified\":\"2024-12-11T10:14:18+00:00\",\"author\":{\"@id\":\"https:\\\/\\\/aetka.de\\\/blog\\\/#\\\/schema\\\/person\\\/022ca78440b19e850ecc9e3f0e304bef\"},\"description\":\"Unsere Technikideen sind die perfekten Geschenke f\u00fcr Oma und Opa - Jetzt informieren und immer das Richtige schenken!\",\"breadcrumb\":{\"@id\":\"https:\\\/\\\/aetka.de\\\/blog\\\/was-schenke-ich-oma-und-opa\\\/#breadcrumb\"},\"inLanguage\":\"de\",\"potentialAction\":[{\"@type\":\"ReadAction\",\"target\":[\"https:\\\/\\\/aetka.de\\\/blog\\\/was-schenke-ich-oma-und-opa\\\/\"]}]},{\"@type\":\"ImageObject\",\"inLanguage\":\"de\",\"@id\":\"https:\\\/\\\/aetka.de\\\/blog\\\/was-schenke-ich-oma-und-opa\\\/#primaryimage\",\"url\":\"https:\\\/\\\/aetka.de\\\/blog\\\/wp-content\\\/uploads\\\/2022\\\/11\\\/aetka-Blog_Weihnachtsgeschenke.jpg\",\"contentUrl\":\"https:\\\/\\\/aetka.de\\\/blog\\\/wp-content\\\/uploads\\\/2022\\\/11\\\/aetka-Blog_Weihnachtsgeschenke.jpg\",\"width\":800,\"height\":400,\"caption\":\"Weihnachtsgeschenke aetka Blog\"},{\"@type\":\"BreadcrumbList\",\"@id\":\"https:\\\/\\\/aetka.de\\\/blog\\\/was-schenke-ich-oma-und-opa\\\/#breadcrumb\",\"itemListElement\":[{\"@type\":\"ListItem\",\"position\":1,\"name\":\"Startseite\",\"item\":\"https:\\\/\\\/aetka.de\\\/blog\\\/\"},{\"@type\":\"ListItem\",\"position\":2,\"name\":\"Was schenke ich meiner Oma und meinem Opa?\"}]},{\"@type\":\"WebSite\",\"@id\":\"https:\\\/\\\/aetka.de\\\/blog\\\/#website\",\"url\":\"https:\\\/\\\/aetka.de\\\/blog\\\/\",\"name\":\"aetka Blog\",\"description\":\"\",\"potentialAction\":[{\"@type\":\"SearchAction\",\"target\":{\"@type\":\"EntryPoint\",\"urlTemplate\":\"https:\\\/\\\/aetka.de\\\/blog\\\/?s={search_term_string}\"},\"query-input\":{\"@type\":\"PropertyValueSpecification\",\"valueRequired\":true,\"valueName\":\"search_term_string\"}}],\"inLanguage\":\"de\"},{\"@type\":\"Person\",\"@id\":\"https:\\\/\\\/aetka.de\\\/blog\\\/#\\\/schema\\\/person\\\/022ca78440b19e850ecc9e3f0e304bef\",\"name\":\"Nancy Tiefensee\",\"image\":{\"@type\":\"ImageObject\",\"inLanguage\":\"de\",\"@id\":\"https:\\\/\\\/aetka.de\\\/blog\\\/wp-content\\\/uploads\\\/2023\\\/08\\\/Screenshot_20230505_112402_WhatsApp-96x96.jpg\",\"url\":\"https:\\\/\\\/aetka.de\\\/blog\\\/wp-content\\\/uploads\\\/2023\\\/08\\\/Screenshot_20230505_112402_WhatsApp-96x96.jpg\",\"contentUrl\":\"https:\\\/\\\/aetka.de\\\/blog\\\/wp-content\\\/uploads\\\/2023\\\/08\\\/Screenshot_20230505_112402_WhatsApp-96x96.jpg\",\"caption\":\"Nancy Tiefensee\"}}]}<\/script>\n<!-- \/ Yoast SEO plugin. -->","yoast_head_json":{"title":"Was schenke ich meiner Oma und meinem Opa? - aetka Blog","description":"Unsere Technikideen sind die perfekten Geschenke f\u00fcr Oma und Opa - Jetzt informieren und immer das Richtige schenken!","robots":{"index":"index","follow":"follow","max-snippet":"max-snippet:-1","max-image-preview":"max-image-preview:large","max-video-preview":"max-video-preview:-1"},"canonical":"https:\/\/aetka.de\/blog\/was-schenke-ich-oma-und-opa\/","og_locale":"de_DE","og_type":"article","og_title":"Was schenke ich meiner Oma und meinem Opa? - aetka Blog","og_description":"Unsere Technikideen sind die perfekten Geschenke f\u00fcr Oma und Opa - Jetzt informieren und immer das Richtige schenken!","og_url":"https:\/\/aetka.de\/blog\/was-schenke-ich-oma-und-opa\/","og_site_name":"aetka Blog","article_publisher":"https:\/\/www.facebook.com\/aetka.ag","article_published_time":"2024-11-27T08:52:59+00:00","article_modified_time":"2024-12-11T10:14:18+00:00","og_image":[{"width":1200,"height":628,"url":"https:\/\/aetka.de\/blog\/wp-content\/uploads\/2020\/11\/aetka-Blog_Oma-Opa_1200x628.jpg","type":"image\/jpeg"}],"author":"Nancy Tiefensee","twitter_card":"summary_large_image","twitter_creator":"@aetka","twitter_site":"@aetka","twitter_misc":{"Verfasst von":"Nancy Tiefensee","Gesch\u00e4tzte Lesezeit":"7\u00a0Minuten"},"schema":{"@context":"https:\/\/schema.org","@graph":[{"@type":"Article","@id":"https:\/\/aetka.de\/blog\/was-schenke-ich-oma-und-opa\/#article","isPartOf":{"@id":"https:\/\/aetka.de\/blog\/was-schenke-ich-oma-und-opa\/"},"author":{"name":"Nancy Tiefensee","@id":"https:\/\/aetka.de\/blog\/#\/schema\/person\/022ca78440b19e850ecc9e3f0e304bef"},"headline":"Was schenke ich meiner Oma und meinem Opa?","datePublished":"2024-11-27T08:52:59+00:00","dateModified":"2024-12-11T10:14:18+00:00","mainEntityOfPage":{"@id":"https:\/\/aetka.de\/blog\/was-schenke-ich-oma-und-opa\/"},"wordCount":1136,"commentCount":0,"image":{"@id":"https:\/\/aetka.de\/blog\/was-schenke-ich-oma-und-opa\/#primaryimage"},"thumbnailUrl":"https:\/\/aetka.de\/blog\/wp-content\/uploads\/2022\/11\/aetka-Blog_Weihnachtsgeschenke.jpg","inLanguage":"de","potentialAction":[{"@type":"CommentAction","name":"Comment","target":["https:\/\/aetka.de\/blog\/was-schenke-ich-oma-und-opa\/#respond"]}]},{"@type":"WebPage","@id":"https:\/\/aetka.de\/blog\/was-schenke-ich-oma-und-opa\/","url":"https:\/\/aetka.de\/blog\/was-schenke-ich-oma-und-opa\/","name":"Was schenke ich meiner Oma und meinem Opa? - aetka Blog","isPartOf":{"@id":"https:\/\/aetka.de\/blog\/#website"},"primaryImageOfPage":{"@id":"https:\/\/aetka.de\/blog\/was-schenke-ich-oma-und-opa\/#primaryimage"},"image":{"@id":"https:\/\/aetka.de\/blog\/was-schenke-ich-oma-und-opa\/#primaryimage"},"thumbnailUrl":"https:\/\/aetka.de\/blog\/wp-content\/uploads\/2022\/11\/aetka-Blog_Weihnachtsgeschenke.jpg","datePublished":"2024-11-27T08:52:59+00:00","dateModified":"2024-12-11T10:14:18+00:00","author":{"@id":"https:\/\/aetka.de\/blog\/#\/schema\/person\/022ca78440b19e850ecc9e3f0e304bef"},"description":"Unsere Technikideen sind die perfekten Geschenke f\u00fcr Oma und Opa - Jetzt informieren und immer das Richtige schenken!","breadcrumb":{"@id":"https:\/\/aetka.de\/blog\/was-schenke-ich-oma-und-opa\/#breadcrumb"},"inLanguage":"de","potentialAction":[{"@type":"ReadAction","target":["https:\/\/aetka.de\/blog\/was-schenke-ich-oma-und-opa\/"]}]},{"@type":"ImageObject","inLanguage":"de","@id":"https:\/\/aetka.de\/blog\/was-schenke-ich-oma-und-opa\/#primaryimage","url":"https:\/\/aetka.de\/blog\/wp-content\/uploads\/2022\/11\/aetka-Blog_Weihnachtsgeschenke.jpg","contentUrl":"https:\/\/aetka.de\/blog\/wp-content\/uploads\/2022\/11\/aetka-Blog_Weihnachtsgeschenke.jpg","width":800,"height":400,"caption":"Weihnachtsgeschenke aetka Blog"},{"@type":"BreadcrumbList","@id":"https:\/\/aetka.de\/blog\/was-schenke-ich-oma-und-opa\/#breadcrumb","itemListElement":[{"@type":"ListItem","position":1,"name":"Startseite","item":"https:\/\/aetka.de\/blog\/"},{"@type":"ListItem","position":2,"name":"Was schenke ich meiner Oma und meinem Opa?"}]},{"@type":"WebSite","@id":"https:\/\/aetka.de\/blog\/#website","url":"https:\/\/aetka.de\/blog\/","name":"aetka Blog","description":"","potentialAction":[{"@type":"SearchAction","target":{"@type":"EntryPoint","urlTemplate":"https:\/\/aetka.de\/blog\/?s={search_term_string}"},"query-input":{"@type":"PropertyValueSpecification","valueRequired":true,"valueName":"search_term_string"}}],"inLanguage":"de"},{"@type":"Person","@id":"https:\/\/aetka.de\/blog\/#\/schema\/person\/022ca78440b19e850ecc9e3f0e304bef","name":"Nancy Tiefensee","image":{"@type":"ImageObject","inLanguage":"de","@id":"https:\/\/aetka.de\/blog\/wp-content\/uploads\/2023\/08\/Screenshot_20230505_112402_WhatsApp-96x96.jpg","url":"https:\/\/aetka.de\/blog\/wp-content\/uploads\/2023\/08\/Screenshot_20230505_112402_WhatsApp-96x96.jpg","contentUrl":"https:\/\/aetka.de\/blog\/wp-content\/uploads\/2023\/08\/Screenshot_20230505_112402_WhatsApp-96x96.jpg","caption":"Nancy Tiefensee"}}]}},"_links":{"self":[{"href":"https:\/\/aetka.de\/blog\/wp-json\/wp\/v2\/posts\/6472","targetHints":{"allow":["GET"]}}],"collection":[{"href":"https:\/\/aetka.de\/blog\/wp-json\/wp\/v2\/posts"}],"about":[{"href":"https:\/\/aetka.de\/blog\/wp-json\/wp\/v2\/types\/post"}],"author":[{"embeddable":true,"href":"https:\/\/aetka.de\/blog\/wp-json\/wp\/v2\/users\/100"}],"replies":[{"embeddable":true,"href":"https:\/\/aetka.de\/blog\/wp-json\/wp\/v2\/comments?post=6472"}],"version-history":[{"count":47,"href":"https:\/\/aetka.de\/blog\/wp-json\/wp\/v2\/posts\/6472\/revisions"}],"predecessor-version":[{"id":11315,"href":"https:\/\/aetka.de\/blog\/wp-json\/wp\/v2\/posts\/6472\/revisions\/11315"}],"wp:featuredmedia":[{"embeddable":true,"href":"https:\/\/aetka.de\/blog\/wp-json\/wp\/v2\/media\/9011"}],"wp:attachment":[{"href":"https:\/\/aetka.de\/blog\/wp-json\/wp\/v2\/media?parent=6472"}],"wp:term":[{"taxonomy":"category","embeddable":true,"href":"https:\/\/aetka.de\/blog\/wp-json\/wp\/v2\/categories?post=6472"},{"taxonomy":"post_tag","embeddable":true,"href":"https:\/\/aetka.de\/blog\/wp-json\/wp\/v2\/tags?post=6472"}],"curies":[{"name":"wp","href":"https:\/\/api.w.org\/{rel}","templated":true}]}}