{"id":5681,"date":"2020-04-29T08:17:04","date_gmt":"2020-04-29T06:17:04","guid":{"rendered":"https:\/\/aetka.de\/blog\/?p=5681"},"modified":"2021-12-28T11:51:00","modified_gmt":"2021-12-28T09:51:00","slug":"vodafone-5g-zweite-ausbaustufe","status":"publish","type":"post","link":"https:\/\/aetka.de\/blog\/vodafone-5g-zweite-ausbaustufe\/","title":{"rendered":"Vodafone 5G: Zweite Ausbaustufe in Deutschland gestartet"},"content":{"rendered":"<p><strong>Als erster Netzbetreiber begann Vodafone <a href=\"https:\/\/aetka.de\/blog\/vodafone-5g-gestartet\/\" target=\"_blank\" rel=\"noopener noreferrer\">vergangenes Jahr mit dem 5G Ausbau<\/a> und errichtete ca. 40 Stationen, die kleine Einzugsgebiete mit dem Netz ausstatteten. Diesen Test hat Vodafone nach eigener Aussage nun abgeschlossen und beginnt mit dem weiteren Ausbau. Hier gebe ich Ihnen weitere Infos zum Thema.<\/strong><!--more--><\/p>\n<h2>Neue 5G-Stationen in Berlin und weiteren Regionen<\/h2>\n<p>In unserer deutschen Hauptstadt installiert Vodafone nach deren Planungen bis Ende des Jahres etwa 20 5G-Stationen, vor allem an hoch frequentierten Orten. Dazu z\u00e4hlen haupts\u00e4chlich Berlin-Mitte und der Flughafen. Auch in anderen deutschen Metropolen wie Frankfurt oder D\u00fcsseldorf plant Vodafone einen verst\u00e4rkten Ausbau.<\/p>\n<p>Ebenso in kleineren St\u00e4dten und Regionen gehen weitere Vodafone 5G Stationen ans Netz, um verschiedene Anwendungsszenarien zu erm\u00f6glichen. Bis Ende des Jahres will Vodafone 5G f\u00fcr 10 Millionen Menschen verf\u00fcgbar machen \u2013 ob das in der Praxis dann auch funktioniert, wird sich zeigen. Im 5G Betrieb k\u00f6nnen Sie Download-Geschwindigkeit von bis zu 1.000 Mbit\/Sekunde erreichen, das entspricht einem Gigabit pro Sekunde.<\/p>\n<p><strong>Hier finden Sie alle Informationen zum Thema:<\/strong> <a href=\"https:\/\/aetka.de\/blog\/5g-ueberblick\/\" target=\"_blank\" rel=\"noopener\">5G im \u00dcberblick<\/a><\/p>\n<h2>Erste 5G Testger\u00e4te \u00fcberhitzten schnell<\/h2>\n<p>In ersten Tests vergangenes Jahr zeigte 5G im Zusammenspiel mit den ersten 5G-f\u00e4higen Smartphones was es kann. Und das war speziell f\u00fcr das Galaxy S10 5G schnell zu viel. Um \u00dcberhitzungssch\u00e4den zu vermeiden, schaltete das Ger\u00e4t nach wenigen Downloads zur\u00fcck in den gew\u00f6hnlichen LTE Standard. Bei Nutzung der 5G-Geschwindigkeit werden Daten schlie\u00dflich in h\u00f6herer Geschwindigkeit heruntergeladen, was zu einem erh\u00f6hten Energieverbrauch des verbauten Prozessors f\u00fchrt. Smartphone-Hersteller wie Samsung, Huawei oder Xiaomi gehen davon aus, dass die Weiterentwicklung der Ger\u00e4te langfristig f\u00fcr eine Verbesserung sorgen wird und derlei Probleme selten bis nicht mehr auftreten. Aktuelle 5G-f\u00e4hige Ger\u00e4te sind etwa die Galaxy S20-Reihe, Xiaomis Mate 10 oder auch das <a href=\"https:\/\/aetka.de\/blog\/huawei-p40\/\" target=\"_blank\" rel=\"noopener noreferrer\">Huawei P40<\/a> bzw. <a href=\"https:\/\/aetka.de\/blog\/huawei-p40-pro\/\" target=\"_blank\" rel=\"noopener noreferrer\">P40 Pro<\/a>.<\/p>\n<h2>Auch der LTE Ausbau geht voran<\/h2>\n<p>Nach eigenen Angaben hat Vodafone in Deutschland \u00fcber 8.000 LTE Ausbau-Projekte realisiert. Somit wurden endlich auch viele Regionen erreicht, die bisher hinsichtlich LTE v\u00f6llig unterversorgt waren.<br \/>\nF\u00fcr dieses Jahr plant Vodafone neben dem 5G-Ausbau auch die Verbesserung der LTE-Infrastruktur \u2013 gemeinsam mit der Deutschen Telekom und Telefonica o2. In einem Kooperationsprojekt wollen die drei Netzbetreiber insgesamt 6.000 LTE Sendemasten gemeinsam bauen.<\/p>\n<h2>Lohnt sich 5G schon jetzt?<\/h2>\n<p>Nat\u00fcrlich stellt sich die Frage, ob man sich zun\u00e4chst nicht lieber auf den derzeitigen LTE Standard fokussiert und weniger Geld und Energie in das 5G investiert. Denn dieses wird dringend ben\u00f6tigt \u2013 auch in sehr l\u00e4ndlichen Gebieten, andererseits ist 5G mit deren Anwendungsszenarien definitiv die Zukunft.<\/p>\n<p>Bis ein zuverl\u00e4ssiges und attraktives 5G in Verbindung mit den entsprechenden Ger\u00e4ten verf\u00fcgbar ist, werden wir uns noch eine Weile gedulden m\u00fcssen. Das Thema Zuverl\u00e4ssigkeit und Verf\u00fcgbarkeit des 5G Netzes als auch der erforderlichen Hardware steht hier im Fokus. Die Einsatzm\u00f6glichkeiten vom super schnellen 5G zielen aus meiner Sicht jedoch auch wenig auf den normalen Verbraucher, der Inhalte wie Social Media oder Musikstreaming auf seinem Smartphone konsumiert. Hier gen\u00fcgt eine stabile LTE-Verbindung mit ausreichend Datenvolumen. Welche Tarife f\u00fcr eine normale Nutzung zu empfehlen sind, erkl\u00e4ren wir Ihnen gern in einem pers\u00f6nlichen Gespr\u00e4ch.<\/p>\n<p>&nbsp;<\/p>\n<h2>Ihr Vodafone Ansprechpartner in Berlin<\/h2>\n<div id=\"attachment_2247\" style=\"width: 710px\" class=\"wp-caption aligncenter\"><img decoding=\"async\" aria-describedby=\"caption-attachment-2247\" class=\"wp-image-2247\" src=\"https:\/\/aetka.de\/blog\/wp-content\/uploads\/2018\/02\/Vodafone-Fachhandel-Schoenhauser-Allee-Team-Facebook.jpg\" alt=\"Vodafone Fachhandel Sch\u00f6nhauser Allee Team\" width=\"700\" height=\"368\" srcset=\"https:\/\/aetka.de\/blog\/wp-content\/uploads\/2018\/02\/Vodafone-Fachhandel-Schoenhauser-Allee-Team-Facebook.jpg 1200w, https:\/\/aetka.de\/blog\/wp-content\/uploads\/2018\/02\/Vodafone-Fachhandel-Schoenhauser-Allee-Team-Facebook-300x158.jpg 300w, https:\/\/aetka.de\/blog\/wp-content\/uploads\/2018\/02\/Vodafone-Fachhandel-Schoenhauser-Allee-Team-Facebook-768x403.jpg 768w, https:\/\/aetka.de\/blog\/wp-content\/uploads\/2018\/02\/Vodafone-Fachhandel-Schoenhauser-Allee-Team-Facebook-1024x538.jpg 1024w, https:\/\/aetka.de\/blog\/wp-content\/uploads\/2018\/02\/Vodafone-Fachhandel-Schoenhauser-Allee-Team-Facebook-800x420.jpg 800w, https:\/\/aetka.de\/blog\/wp-content\/uploads\/2018\/02\/Vodafone-Fachhandel-Schoenhauser-Allee-Team-Facebook-400x210.jpg 400w\" sizes=\"(max-width: 700px) 100vw, 700px\" \/><p id=\"caption-attachment-2247\" class=\"wp-caption-text\">Wir beim Vodafone Premium Fachhandel beraten Sie umfassend und beantworten gern Ihre Fragen zum Thema LTE und 5G<\/p><\/div>\n<p>F\u00fcr Ihre Fragen rund um Vodafone sind wir in unserem <strong>Vodafone Premium Fachhande<\/strong>l gern Ihr Ansprechpartner. Sie finden uns in der <strong>Sch\u00f6nhauser Allee 70E<\/strong>, der <strong>Seddiner Stra\u00dfe 22<\/strong> und der <strong>Berliner Stra\u00dfe 94<\/strong>. Unser Premium Fachhandel umfasst neben den neuesten Smartphones auch umfangreiche Serviceleistungen. Wir lassen Sie nicht alleine und k\u00fcmmern uns um Daten\u00fcbertragen, Ersteinrichtung oder helfen bei allerlei Fragen rund um Apps oder Betriebssysteme der einzelnen Ger\u00e4te.<br \/>\nKommen Sie uns besuchen, wir freuen uns auf Sie und beraten Sie gerne. Wenn Sie nicht aus Berlin kommen, nutzen Sie den <a href=\"https:\/\/aetka.de\/unternehmen\/haendlersuche\/\" target=\"_blank\" rel=\"noopener noreferrer\">aetka Filialfinder<\/a>, um schnell einen alternativen Fachhandelskollegen in Ihrer Umgebung zu finden.<\/p>\n","protected":false},"excerpt":{"rendered":"<p>Als erster Netzbetreiber begann Vodafone vergangenes Jahr mit dem 5G Ausbau und errichtete ca. 40 Stationen, die kleine Einzugsgebiete mit dem Netz ausstatteten. Diesen Test hat Vodafone nach eigener Aussage nun abgeschlossen und beginnt mit dem weiteren Ausbau. Hier gebe ich Ihnen weitere Infos zum Thema.<\/p>\n","protected":false},"author":37,"featured_media":4256,"comment_status":"open","ping_status":"open","sticky":false,"template":"","format":"standard","meta":{"_editorskit_title_hidden":false,"_editorskit_reading_time":0,"_editorskit_is_block_options_detached":false,"_editorskit_block_options_position":"{}","footnotes":""},"categories":[1],"tags":[],"class_list":["post-5681","post","type-post","status-publish","format-standard","has-post-thumbnail","hentry","category-allgemein"],"yoast_head":"<!-- This site is optimized with the Yoast SEO plugin v27.3 - https:\/\/yoast.com\/product\/yoast-seo-wordpress\/ -->\n<title>[Vodafone 5G] Zweite Ausbaustufe in Deutschland gestartet<\/title>\n<meta name=\"description\" content=\"Vodafone startet bei 5G die zweite Ausbaustufe in Deutschland, aber auch der LTE Ausbau geht voran. Hier finden Sie weitere Infos.\" \/>\n<meta name=\"robots\" content=\"index, follow, max-snippet:-1, max-image-preview:large, max-video-preview:-1\" \/>\n<link rel=\"canonical\" href=\"https:\/\/aetka.de\/blog\/vodafone-5g-zweite-ausbaustufe\/\" \/>\n<meta property=\"og:locale\" content=\"de_DE\" \/>\n<meta property=\"og:type\" content=\"article\" \/>\n<meta property=\"og:title\" content=\"[Vodafone 5G] Zweite Ausbaustufe in Deutschland gestartet\" \/>\n<meta property=\"og:description\" content=\"Vodafone startet bei 5G die zweite Ausbaustufe in Deutschland, aber auch der LTE Ausbau geht voran. Hier finden Sie weitere Infos.\" \/>\n<meta property=\"og:url\" content=\"https:\/\/aetka.de\/blog\/vodafone-5g-zweite-ausbaustufe\/\" \/>\n<meta property=\"og:site_name\" content=\"aetka Blog\" \/>\n<meta property=\"article:publisher\" content=\"https:\/\/www.facebook.com\/aetka.ag\" \/>\n<meta property=\"article:published_time\" content=\"2020-04-29T06:17:04+00:00\" \/>\n<meta property=\"article:modified_time\" content=\"2021-12-28T09:51:00+00:00\" \/>\n<meta property=\"og:image\" content=\"https:\/\/aetka.de\/blog\/wp-content\/uploads\/2019\/08\/Vodafone-5G-aetka-Blog-FB.jpg\" \/>\n\t<meta property=\"og:image:width\" content=\"1200\" \/>\n\t<meta property=\"og:image:height\" content=\"628\" \/>\n\t<meta property=\"og:image:type\" content=\"image\/jpeg\" \/>\n<meta name=\"author\" content=\"Eugen Durand\" \/>\n<meta name=\"twitter:card\" content=\"summary_large_image\" \/>\n<meta name=\"twitter:creator\" content=\"@aetka\" \/>\n<meta name=\"twitter:site\" content=\"@aetka\" \/>\n<meta name=\"twitter:label1\" content=\"Verfasst von\" \/>\n\t<meta name=\"twitter:data1\" content=\"Eugen Durand\" \/>\n\t<meta name=\"twitter:label2\" content=\"Gesch\u00e4tzte Lesezeit\" \/>\n\t<meta name=\"twitter:data2\" content=\"3\u00a0Minuten\" \/>\n<script type=\"application\/ld+json\" class=\"yoast-schema-graph\">{\"@context\":\"https:\\\/\\\/schema.org\",\"@graph\":[{\"@type\":\"Article\",\"@id\":\"https:\\\/\\\/aetka.de\\\/blog\\\/vodafone-5g-zweite-ausbaustufe\\\/#article\",\"isPartOf\":{\"@id\":\"https:\\\/\\\/aetka.de\\\/blog\\\/vodafone-5g-zweite-ausbaustufe\\\/\"},\"author\":{\"name\":\"Eugen Durand\",\"@id\":\"https:\\\/\\\/aetka.de\\\/blog\\\/#\\\/schema\\\/person\\\/8a1271d3aab41f6efde71d21f6c620f0\"},\"headline\":\"Vodafone 5G: Zweite Ausbaustufe in Deutschland gestartet\",\"datePublished\":\"2020-04-29T06:17:04+00:00\",\"dateModified\":\"2021-12-28T09:51:00+00:00\",\"mainEntityOfPage\":{\"@id\":\"https:\\\/\\\/aetka.de\\\/blog\\\/vodafone-5g-zweite-ausbaustufe\\\/\"},\"wordCount\":673,\"commentCount\":0,\"image\":{\"@id\":\"https:\\\/\\\/aetka.de\\\/blog\\\/vodafone-5g-zweite-ausbaustufe\\\/#primaryimage\"},\"thumbnailUrl\":\"https:\\\/\\\/aetka.de\\\/blog\\\/wp-content\\\/uploads\\\/2019\\\/08\\\/Vodafone-5G-aetka-Blog.jpg\",\"inLanguage\":\"de\",\"potentialAction\":[{\"@type\":\"CommentAction\",\"name\":\"Comment\",\"target\":[\"https:\\\/\\\/aetka.de\\\/blog\\\/vodafone-5g-zweite-ausbaustufe\\\/#respond\"]}]},{\"@type\":\"WebPage\",\"@id\":\"https:\\\/\\\/aetka.de\\\/blog\\\/vodafone-5g-zweite-ausbaustufe\\\/\",\"url\":\"https:\\\/\\\/aetka.de\\\/blog\\\/vodafone-5g-zweite-ausbaustufe\\\/\",\"name\":\"[Vodafone 5G] Zweite Ausbaustufe in Deutschland gestartet\",\"isPartOf\":{\"@id\":\"https:\\\/\\\/aetka.de\\\/blog\\\/#website\"},\"primaryImageOfPage\":{\"@id\":\"https:\\\/\\\/aetka.de\\\/blog\\\/vodafone-5g-zweite-ausbaustufe\\\/#primaryimage\"},\"image\":{\"@id\":\"https:\\\/\\\/aetka.de\\\/blog\\\/vodafone-5g-zweite-ausbaustufe\\\/#primaryimage\"},\"thumbnailUrl\":\"https:\\\/\\\/aetka.de\\\/blog\\\/wp-content\\\/uploads\\\/2019\\\/08\\\/Vodafone-5G-aetka-Blog.jpg\",\"datePublished\":\"2020-04-29T06:17:04+00:00\",\"dateModified\":\"2021-12-28T09:51:00+00:00\",\"author\":{\"@id\":\"https:\\\/\\\/aetka.de\\\/blog\\\/#\\\/schema\\\/person\\\/8a1271d3aab41f6efde71d21f6c620f0\"},\"description\":\"Vodafone startet bei 5G die zweite Ausbaustufe in Deutschland, aber auch der LTE Ausbau geht voran. Hier finden Sie weitere Infos.\",\"breadcrumb\":{\"@id\":\"https:\\\/\\\/aetka.de\\\/blog\\\/vodafone-5g-zweite-ausbaustufe\\\/#breadcrumb\"},\"inLanguage\":\"de\",\"potentialAction\":[{\"@type\":\"ReadAction\",\"target\":[\"https:\\\/\\\/aetka.de\\\/blog\\\/vodafone-5g-zweite-ausbaustufe\\\/\"]}]},{\"@type\":\"ImageObject\",\"inLanguage\":\"de\",\"@id\":\"https:\\\/\\\/aetka.de\\\/blog\\\/vodafone-5g-zweite-ausbaustufe\\\/#primaryimage\",\"url\":\"https:\\\/\\\/aetka.de\\\/blog\\\/wp-content\\\/uploads\\\/2019\\\/08\\\/Vodafone-5G-aetka-Blog.jpg\",\"contentUrl\":\"https:\\\/\\\/aetka.de\\\/blog\\\/wp-content\\\/uploads\\\/2019\\\/08\\\/Vodafone-5G-aetka-Blog.jpg\",\"width\":800,\"height\":400,\"caption\":\"Vodafone 5G Start\"},{\"@type\":\"BreadcrumbList\",\"@id\":\"https:\\\/\\\/aetka.de\\\/blog\\\/vodafone-5g-zweite-ausbaustufe\\\/#breadcrumb\",\"itemListElement\":[{\"@type\":\"ListItem\",\"position\":1,\"name\":\"Startseite\",\"item\":\"https:\\\/\\\/aetka.de\\\/blog\\\/\"},{\"@type\":\"ListItem\",\"position\":2,\"name\":\"Vodafone 5G: Zweite Ausbaustufe in Deutschland gestartet\"}]},{\"@type\":\"WebSite\",\"@id\":\"https:\\\/\\\/aetka.de\\\/blog\\\/#website\",\"url\":\"https:\\\/\\\/aetka.de\\\/blog\\\/\",\"name\":\"aetka Blog\",\"description\":\"\",\"potentialAction\":[{\"@type\":\"SearchAction\",\"target\":{\"@type\":\"EntryPoint\",\"urlTemplate\":\"https:\\\/\\\/aetka.de\\\/blog\\\/?s={search_term_string}\"},\"query-input\":{\"@type\":\"PropertyValueSpecification\",\"valueRequired\":true,\"valueName\":\"search_term_string\"}}],\"inLanguage\":\"de\"},{\"@type\":\"Person\",\"@id\":\"https:\\\/\\\/aetka.de\\\/blog\\\/#\\\/schema\\\/person\\\/8a1271d3aab41f6efde71d21f6c620f0\",\"name\":\"Eugen Durand\",\"image\":{\"@type\":\"ImageObject\",\"inLanguage\":\"de\",\"@id\":\"https:\\\/\\\/secure.gravatar.com\\\/avatar\\\/16afbe61b5692825e6223a8a116736e714d975aba4500b4c1e3860b43463c75c?s=96&d=blank&r=g\",\"url\":\"https:\\\/\\\/secure.gravatar.com\\\/avatar\\\/16afbe61b5692825e6223a8a116736e714d975aba4500b4c1e3860b43463c75c?s=96&d=blank&r=g\",\"contentUrl\":\"https:\\\/\\\/secure.gravatar.com\\\/avatar\\\/16afbe61b5692825e6223a8a116736e714d975aba4500b4c1e3860b43463c75c?s=96&d=blank&r=g\",\"caption\":\"Eugen Durand\"}}]}<\/script>\n<!-- \/ Yoast SEO plugin. -->","yoast_head_json":{"title":"[Vodafone 5G] Zweite Ausbaustufe in Deutschland gestartet","description":"Vodafone startet bei 5G die zweite Ausbaustufe in Deutschland, aber auch der LTE Ausbau geht voran. Hier finden Sie weitere Infos.","robots":{"index":"index","follow":"follow","max-snippet":"max-snippet:-1","max-image-preview":"max-image-preview:large","max-video-preview":"max-video-preview:-1"},"canonical":"https:\/\/aetka.de\/blog\/vodafone-5g-zweite-ausbaustufe\/","og_locale":"de_DE","og_type":"article","og_title":"[Vodafone 5G] Zweite Ausbaustufe in Deutschland gestartet","og_description":"Vodafone startet bei 5G die zweite Ausbaustufe in Deutschland, aber auch der LTE Ausbau geht voran. Hier finden Sie weitere Infos.","og_url":"https:\/\/aetka.de\/blog\/vodafone-5g-zweite-ausbaustufe\/","og_site_name":"aetka Blog","article_publisher":"https:\/\/www.facebook.com\/aetka.ag","article_published_time":"2020-04-29T06:17:04+00:00","article_modified_time":"2021-12-28T09:51:00+00:00","og_image":[{"width":1200,"height":628,"url":"https:\/\/aetka.de\/blog\/wp-content\/uploads\/2019\/08\/Vodafone-5G-aetka-Blog-FB.jpg","type":"image\/jpeg"}],"author":"Eugen Durand","twitter_card":"summary_large_image","twitter_creator":"@aetka","twitter_site":"@aetka","twitter_misc":{"Verfasst von":"Eugen Durand","Gesch\u00e4tzte Lesezeit":"3\u00a0Minuten"},"schema":{"@context":"https:\/\/schema.org","@graph":[{"@type":"Article","@id":"https:\/\/aetka.de\/blog\/vodafone-5g-zweite-ausbaustufe\/#article","isPartOf":{"@id":"https:\/\/aetka.de\/blog\/vodafone-5g-zweite-ausbaustufe\/"},"author":{"name":"Eugen Durand","@id":"https:\/\/aetka.de\/blog\/#\/schema\/person\/8a1271d3aab41f6efde71d21f6c620f0"},"headline":"Vodafone 5G: Zweite Ausbaustufe in Deutschland gestartet","datePublished":"2020-04-29T06:17:04+00:00","dateModified":"2021-12-28T09:51:00+00:00","mainEntityOfPage":{"@id":"https:\/\/aetka.de\/blog\/vodafone-5g-zweite-ausbaustufe\/"},"wordCount":673,"commentCount":0,"image":{"@id":"https:\/\/aetka.de\/blog\/vodafone-5g-zweite-ausbaustufe\/#primaryimage"},"thumbnailUrl":"https:\/\/aetka.de\/blog\/wp-content\/uploads\/2019\/08\/Vodafone-5G-aetka-Blog.jpg","inLanguage":"de","potentialAction":[{"@type":"CommentAction","name":"Comment","target":["https:\/\/aetka.de\/blog\/vodafone-5g-zweite-ausbaustufe\/#respond"]}]},{"@type":"WebPage","@id":"https:\/\/aetka.de\/blog\/vodafone-5g-zweite-ausbaustufe\/","url":"https:\/\/aetka.de\/blog\/vodafone-5g-zweite-ausbaustufe\/","name":"[Vodafone 5G] Zweite Ausbaustufe in Deutschland gestartet","isPartOf":{"@id":"https:\/\/aetka.de\/blog\/#website"},"primaryImageOfPage":{"@id":"https:\/\/aetka.de\/blog\/vodafone-5g-zweite-ausbaustufe\/#primaryimage"},"image":{"@id":"https:\/\/aetka.de\/blog\/vodafone-5g-zweite-ausbaustufe\/#primaryimage"},"thumbnailUrl":"https:\/\/aetka.de\/blog\/wp-content\/uploads\/2019\/08\/Vodafone-5G-aetka-Blog.jpg","datePublished":"2020-04-29T06:17:04+00:00","dateModified":"2021-12-28T09:51:00+00:00","author":{"@id":"https:\/\/aetka.de\/blog\/#\/schema\/person\/8a1271d3aab41f6efde71d21f6c620f0"},"description":"Vodafone startet bei 5G die zweite Ausbaustufe in Deutschland, aber auch der LTE Ausbau geht voran. Hier finden Sie weitere Infos.","breadcrumb":{"@id":"https:\/\/aetka.de\/blog\/vodafone-5g-zweite-ausbaustufe\/#breadcrumb"},"inLanguage":"de","potentialAction":[{"@type":"ReadAction","target":["https:\/\/aetka.de\/blog\/vodafone-5g-zweite-ausbaustufe\/"]}]},{"@type":"ImageObject","inLanguage":"de","@id":"https:\/\/aetka.de\/blog\/vodafone-5g-zweite-ausbaustufe\/#primaryimage","url":"https:\/\/aetka.de\/blog\/wp-content\/uploads\/2019\/08\/Vodafone-5G-aetka-Blog.jpg","contentUrl":"https:\/\/aetka.de\/blog\/wp-content\/uploads\/2019\/08\/Vodafone-5G-aetka-Blog.jpg","width":800,"height":400,"caption":"Vodafone 5G Start"},{"@type":"BreadcrumbList","@id":"https:\/\/aetka.de\/blog\/vodafone-5g-zweite-ausbaustufe\/#breadcrumb","itemListElement":[{"@type":"ListItem","position":1,"name":"Startseite","item":"https:\/\/aetka.de\/blog\/"},{"@type":"ListItem","position":2,"name":"Vodafone 5G: Zweite Ausbaustufe in Deutschland gestartet"}]},{"@type":"WebSite","@id":"https:\/\/aetka.de\/blog\/#website","url":"https:\/\/aetka.de\/blog\/","name":"aetka Blog","description":"","potentialAction":[{"@type":"SearchAction","target":{"@type":"EntryPoint","urlTemplate":"https:\/\/aetka.de\/blog\/?s={search_term_string}"},"query-input":{"@type":"PropertyValueSpecification","valueRequired":true,"valueName":"search_term_string"}}],"inLanguage":"de"},{"@type":"Person","@id":"https:\/\/aetka.de\/blog\/#\/schema\/person\/8a1271d3aab41f6efde71d21f6c620f0","name":"Eugen Durand","image":{"@type":"ImageObject","inLanguage":"de","@id":"https:\/\/secure.gravatar.com\/avatar\/16afbe61b5692825e6223a8a116736e714d975aba4500b4c1e3860b43463c75c?s=96&d=blank&r=g","url":"https:\/\/secure.gravatar.com\/avatar\/16afbe61b5692825e6223a8a116736e714d975aba4500b4c1e3860b43463c75c?s=96&d=blank&r=g","contentUrl":"https:\/\/secure.gravatar.com\/avatar\/16afbe61b5692825e6223a8a116736e714d975aba4500b4c1e3860b43463c75c?s=96&d=blank&r=g","caption":"Eugen Durand"}}]}},"_links":{"self":[{"href":"https:\/\/aetka.de\/blog\/wp-json\/wp\/v2\/posts\/5681","targetHints":{"allow":["GET"]}}],"collection":[{"href":"https:\/\/aetka.de\/blog\/wp-json\/wp\/v2\/posts"}],"about":[{"href":"https:\/\/aetka.de\/blog\/wp-json\/wp\/v2\/types\/post"}],"author":[{"embeddable":true,"href":"https:\/\/aetka.de\/blog\/wp-json\/wp\/v2\/users\/37"}],"replies":[{"embeddable":true,"href":"https:\/\/aetka.de\/blog\/wp-json\/wp\/v2\/comments?post=5681"}],"version-history":[{"count":8,"href":"https:\/\/aetka.de\/blog\/wp-json\/wp\/v2\/posts\/5681\/revisions"}],"predecessor-version":[{"id":7929,"href":"https:\/\/aetka.de\/blog\/wp-json\/wp\/v2\/posts\/5681\/revisions\/7929"}],"wp:featuredmedia":[{"embeddable":true,"href":"https:\/\/aetka.de\/blog\/wp-json\/wp\/v2\/media\/4256"}],"wp:attachment":[{"href":"https:\/\/aetka.de\/blog\/wp-json\/wp\/v2\/media?parent=5681"}],"wp:term":[{"taxonomy":"category","embeddable":true,"href":"https:\/\/aetka.de\/blog\/wp-json\/wp\/v2\/categories?post=5681"},{"taxonomy":"post_tag","embeddable":true,"href":"https:\/\/aetka.de\/blog\/wp-json\/wp\/v2\/tags?post=5681"}],"curies":[{"name":"wp","href":"https:\/\/api.w.org\/{rel}","templated":true}]}}