{"id":2459,"date":"2018-05-17T15:28:25","date_gmt":"2018-05-17T13:28:25","guid":{"rendered":"https:\/\/aetka.de\/blog\/?p=2459"},"modified":"2021-12-28T10:22:10","modified_gmt":"2021-12-28T08:22:10","slug":"whatsapp-ab-16","status":"publish","type":"post","link":"https:\/\/aetka.de\/blog\/whatsapp-ab-16\/","title":{"rendered":"WhatsApp ab 16 &#8211; Was gilt es zu beachten?"},"content":{"rendered":"<p><strong>Aufgrund der neuen Datenschutz-Grundverordnung der EU (DSGVO), welche am 25. Mai 2018 in Kraft tritt, aktualisieren viele Unternehmen ihre Nutzungsbedingungen. Auch WhatsApp hat entsprechend reagiert und damit einhergehend das Mindestalter zur Nutzung auf 16 Jahre angehoben. Was Betroffene nun beachten m\u00fcssen erfahren Sie in diesem Beitrag.<\/strong><!--more--><\/p>\n<h2>Wieso gibt es das Mindestalter?<\/h2>\n<p>Die neue Datenschutz Grundverordnung der EU sieht eine kommerzielle Nutzung von Daten erst ab einem Mindestalter von 16 Jahren vor. Um das Gesch\u00e4ftsmodell weiter voranzutreiben, f\u00fchrt WhatsApp daher ebenfalls eine untere <a href=\"https:\/\/faq.whatsapp.com\/en\/iphone\/26000151\/?category=5245250\">Altersgrenze<\/a> zur Nutzung der App ein. Da die Verordnung keine genauen Angaben zur Kontrolle der Daten angibt, war f\u00fcr eine lange Zeit unklar in welchem Ma\u00dfe die Daten \u00fcberpr\u00fcft werden sollen. Zwischen dem Einschicken einer Ausweiskopie bis zum blo\u00dfen Best\u00e4tigen des Alters, gab es unz\u00e4hlige Vermutungen, wie WhatsApp das Vorhaben umsetzen will. Nun wurde \u00fcber ein Update die Abfrage integriert.<\/p>\n<h2>Wie erfolgt die Abfrage f\u00fcr Whatsapp ab 16?<\/h2>\n<p>WhatsApp informiert seit dem 11.05.2018 \u00fcber die neuen Datenschutzrichtlinien. Neben der Aufforderung sich diese durchzulesen ist gleichzeitig eine Altersabfrage integriert. \u201eBest\u00e4tige, dass du mindestens 16 Jahre alt bist.\u201c,\u00a0 ist auf dem unteren Bildschirmrand geschrieben. Mittels eines Kippschalters kann dem Punkt zugestimmt oder widersprochen werden. Die Abfrage kann zun\u00e4chst auch abgebrochen werden. In diesem Fall wird der Nutzer mit der Infotafel jeden Tag aufs Neue konfrontiert. Das Ablehnen oder Ignorieren der Altersabfrage f\u00fchrt ab dem 25. Mai dazu, dass der entsprechende Nutzer die App nicht mehr nutzen kann. In diesem Fall m\u00fcsste auf alternative Apps wie beispielsweise \u201eTelegram\u201c oder den Facebook-Messenger zur\u00fcckgegriffen werden. Denn obwohl <a href=\"https:\/\/aetka.de\/blog\/whatsapp-2017-ende-support\/\" target=\"_blank\" rel=\"noopener noreferrer\">WhatsApp<\/a> ebenfalls zum Mutterkonzern Facebook geh\u00f6rt, wird die Social-Media App nicht auf 16 Jahre begrenzt.<\/p>\n<div id=\"metaslider-id-2496\" style=\"max-width: 300px; margin: 0 auto;\" class=\"ml-slider-3-107-0 metaslider metaslider-flex metaslider-2496 ml-slider has-dots-nav ms-theme-default\" role=\"region\" aria-label=\"Whatsapp ab 16\" data-height=\"500\" data-width=\"300\">\n    <div id=\"metaslider_container_2496\">\n        <div id=\"metaslider_2496\">\n            <ul class='slides'>\n                <li style=\"display: block; width: 100%;\" class=\"slide-2498 ms-image \" aria-roledescription=\"slide\" data-date=\"2018-05-17 10:58:44\" data-filename=\"WhatsApp-ab-16-Nutzungsbedingungen-1--300x500.jpg\" data-slide-type=\"image\"><img decoding=\"async\" src=\"https:\/\/aetka.de\/blog\/wp-content\/uploads\/2018\/05\/WhatsApp-ab-16-Nutzungsbedingungen-1--300x500.jpg\" height=\"500\" width=\"300\" alt=\"\" class=\"slider-2496 slide-2498 msDefaultImage\" title=\"WhatsApp ab 16 Nutzungsbedingungen 1\" \/><\/li>\n                <li style=\"display: none; width: 100%;\" class=\"slide-2500 ms-image \" aria-roledescription=\"slide\" data-date=\"2018-05-17 10:58:44\" data-filename=\"WhatsApp-ab-16-Nutzungsbedingungen-2-300x500.jpg\" data-slide-type=\"image\"><img decoding=\"async\" src=\"https:\/\/aetka.de\/blog\/wp-content\/uploads\/2018\/05\/WhatsApp-ab-16-Nutzungsbedingungen-2-300x500.jpg\" height=\"500\" width=\"300\" alt=\"\" class=\"slider-2496 slide-2500 msDefaultImage\" title=\"WhatsApp ab 16 Nutzungsbedingungen 2\" \/><\/li>\n                <li style=\"display: none; width: 100%;\" class=\"slide-2499 ms-image \" aria-roledescription=\"slide\" data-date=\"2018-05-17 10:58:44\" data-filename=\"WhatsApp-ab-16-Nutzungsbedingungen-3-300x500.jpg\" data-slide-type=\"image\"><img decoding=\"async\" src=\"https:\/\/aetka.de\/blog\/wp-content\/uploads\/2018\/05\/WhatsApp-ab-16-Nutzungsbedingungen-3-300x500.jpg\" height=\"500\" width=\"300\" alt=\"\" class=\"slider-2496 slide-2499 msDefaultImage\" title=\"WhatsApp ab 16 Nutzungsbedingungen 3\" \/><\/li>\n                <li style=\"display: none; width: 100%;\" class=\"slide-2497 ms-image \" aria-roledescription=\"slide\" data-date=\"2018-05-17 10:58:44\" data-filename=\"WhatsApp-ab-16-Nutzungsbedingungen-4-300x500.jpg\" data-slide-type=\"image\"><img decoding=\"async\" src=\"https:\/\/aetka.de\/blog\/wp-content\/uploads\/2018\/05\/WhatsApp-ab-16-Nutzungsbedingungen-4-300x500.jpg\" height=\"500\" width=\"300\" alt=\"\" class=\"slider-2496 slide-2497 msDefaultImage\" title=\"WhatsApp ab 16 Nutzungsbedingungen 4\" \/><\/li>\n            <\/ul>\n        <\/div>\n        \n    <\/div>\n<\/div>\n<h2>Was geschieht bei Falschangaben?<\/h2>\n<p>Grunds\u00e4tzlich verweist WhatsApp in seinen Nutzungsbedingungen darauf, dass das Erstellen eines Kontos unter falschen Angaben gegen diese verst\u00f6\u00dft. Auch wenn die Eltern eines Kindes unter 16 Jahren der Nutzung zustimmen, verst\u00f6\u00dft dies dagegen. WhatsApp beh\u00e4lt sich in diesem Fall vor, den Account zu sperren. Soweit zur Theorie. Da die Tiefe der \u00dcberpr\u00fcfung nicht in\u00a0 der Datenschutz-Grundverordnung angegeben ist, l\u00e4sst sich jedoch davon ausgehen, dass das Unternehmen nicht \u00fcberpr\u00fcfen wird, ob ein Nutzer falsche Angaben get\u00e4tigt hat. Grunds\u00e4tzlich wird es lediglich eine Ma\u00dfnahme sein, um den aktuellen Standards zu entsprechen und rechtlich auf der sicheren Seite zu stehen. Trotzdem rate ich ausdr\u00fccklich davon ab, Falschangaben zu machen. Ein Wechsel auf eine alternative Kommunikationsapp ist der f\u00fcr den Nutzer rechtlich sicherste Weg.<\/p>\n<p>F\u00fcr weitere Fragen zu Whatsapp ab 16 sowie rund um Telekommunikation k\u00f6nnen Sie <a href=\"https:\/\/aetka.de\/unternehmen\/haendlersuche\/profil\/dortmund-44309-eb24-einfach-mehr-service\/\" target=\"_blank\" rel=\"noopener noreferrer\">uns<\/a> oder einen anderen <a href=\"https:\/\/aetka.de\/unternehmen\/haendlersuche\/\" target=\"_blank\" rel=\"noopener noreferrer\">aetka Fachh\u00e4ndler\u00a0vor Ort<\/a> jederzeit kontaktieren. Unseren Shop finden Sie hier:<\/p>\n<p>Weitere Meldungen zu Whatsapp finden Sie hier:<\/p>\n<ul>\n<li><a href=\"https:\/\/aetka.de\/blog\/whatsapp-chat-geloescht\/\" target=\"_blank\" rel=\"noopener noreferrer\">Whatsapp: Google l\u00f6scht nicht gesicherte Chats<\/a><\/li>\n<li><a href=\"https:\/\/aetka.de\/blog\/whatsapp-2017-ende-support\/\" target=\"_blank\" rel=\"noopener noreferrer\">Whatsapp 2017 &#8211; F\u00fcr diese Ger\u00e4te endete der Support zum 30.06.17<\/a><\/li>\n<li><a href=\"https:\/\/aetka.de\/blog\/whatsapp-virus-agent-smith\/\" target=\"_blank\" rel=\"noopener noreferrer\">Whatsapp-Virus \u201eAgent Smith\u201c: Das m\u00fcssen Sie wissen<\/a><\/li>\n<\/ul>\n","protected":false},"excerpt":{"rendered":"<p>Aufgrund der neuen Datenschutz-Grundverordnung der EU (DSGVO), welche am 25. Mai 2018 in Kraft tritt, aktualisieren viele Unternehmen ihre Nutzungsbedingungen. Auch WhatsApp hat entsprechend reagiert und damit einhergehend das Mindestalter zur Nutzung auf 16 Jahre angehoben. Was Betroffene nun beachten m\u00fcssen erfahren Sie in diesem Beitrag.<\/p>\n","protected":false},"author":26,"featured_media":2502,"comment_status":"open","ping_status":"open","sticky":false,"template":"","format":"standard","meta":{"_editorskit_title_hidden":false,"_editorskit_reading_time":0,"_editorskit_is_block_options_detached":false,"_editorskit_block_options_position":"{}","footnotes":""},"categories":[1],"tags":[],"class_list":["post-2459","post","type-post","status-publish","format-standard","has-post-thumbnail","hentry","category-allgemein"],"yoast_head":"<!-- This site is optimized with the Yoast SEO plugin v27.3 - https:\/\/yoast.com\/product\/yoast-seo-wordpress\/ -->\n<title>WhatsApp ab 16 - Was gilt es zu beachten? - aetka Blog<\/title>\n<meta name=\"description\" content=\"Aufgrund der europ\u00e4ischen Datenschutz-Grundverordnung aktualisieren viele Unternehmen ihre Nutzungsbedingungen. Auch Whatsapp reagiert und setzt das Mindestalter zur Nutzung auf 16 Jahre fest. Im Beitrag finden Sie alle Infos zur Nutzung von Whatsapp ab 16.\" \/>\n<meta name=\"robots\" content=\"index, follow, max-snippet:-1, max-image-preview:large, max-video-preview:-1\" \/>\n<link rel=\"canonical\" href=\"https:\/\/aetka.de\/blog\/whatsapp-ab-16\/\" \/>\n<meta property=\"og:locale\" content=\"de_DE\" \/>\n<meta property=\"og:type\" content=\"article\" \/>\n<meta property=\"og:title\" content=\"WhatsApp Alterbeschr\u00e4nkung - Geh\u00f6rst du dazu?\" \/>\n<meta property=\"og:description\" content=\"Aufgrund der europ\u00e4ischen Datenschutz-Grundverordnung aktualisieren viele Unternehmen ihre Nutzungsbedingungen. Auch Whatsapp reagiert und setzt das Mindestalter zur Nutzung auf 16 Jahre fest. Im Beitrag finden Sie alle Infos zur Nutzung von Whatsapp ab 16.\" \/>\n<meta property=\"og:url\" content=\"https:\/\/aetka.de\/blog\/whatsapp-ab-16\/\" \/>\n<meta property=\"og:site_name\" content=\"aetka Blog\" \/>\n<meta property=\"article:publisher\" content=\"https:\/\/www.facebook.com\/aetka.ag\" \/>\n<meta property=\"article:published_time\" content=\"2018-05-17T13:28:25+00:00\" \/>\n<meta property=\"article:modified_time\" content=\"2021-12-28T08:22:10+00:00\" \/>\n<meta property=\"og:image\" content=\"https:\/\/aetka.de\/blog\/wp-content\/uploads\/2018\/05\/Whatsapp-ab-16-aetka-Blog-Facebook.jpg\" \/>\n\t<meta property=\"og:image:width\" content=\"1200\" \/>\n\t<meta property=\"og:image:height\" content=\"630\" \/>\n\t<meta property=\"og:image:type\" content=\"image\/jpeg\" \/>\n<meta name=\"author\" content=\"Robert Gatnar\" \/>\n<meta name=\"twitter:card\" content=\"summary_large_image\" \/>\n<meta name=\"twitter:creator\" content=\"@aetka\" \/>\n<meta name=\"twitter:site\" content=\"@aetka\" \/>\n<meta name=\"twitter:label1\" content=\"Verfasst von\" \/>\n\t<meta name=\"twitter:data1\" content=\"Robert Gatnar\" \/>\n\t<meta name=\"twitter:label2\" content=\"Gesch\u00e4tzte Lesezeit\" \/>\n\t<meta name=\"twitter:data2\" content=\"2\u00a0Minuten\" \/>\n<script type=\"application\/ld+json\" class=\"yoast-schema-graph\">{\"@context\":\"https:\\\/\\\/schema.org\",\"@graph\":[{\"@type\":\"Article\",\"@id\":\"https:\\\/\\\/aetka.de\\\/blog\\\/whatsapp-ab-16\\\/#article\",\"isPartOf\":{\"@id\":\"https:\\\/\\\/aetka.de\\\/blog\\\/whatsapp-ab-16\\\/\"},\"author\":{\"name\":\"Robert Gatnar\",\"@id\":\"https:\\\/\\\/aetka.de\\\/blog\\\/#\\\/schema\\\/person\\\/2db390720813483f33bfec106b183084\"},\"headline\":\"WhatsApp ab 16 &#8211; Was gilt es zu beachten?\",\"datePublished\":\"2018-05-17T13:28:25+00:00\",\"dateModified\":\"2021-12-28T08:22:10+00:00\",\"mainEntityOfPage\":{\"@id\":\"https:\\\/\\\/aetka.de\\\/blog\\\/whatsapp-ab-16\\\/\"},\"wordCount\":484,\"commentCount\":0,\"image\":{\"@id\":\"https:\\\/\\\/aetka.de\\\/blog\\\/whatsapp-ab-16\\\/#primaryimage\"},\"thumbnailUrl\":\"https:\\\/\\\/aetka.de\\\/blog\\\/wp-content\\\/uploads\\\/2018\\\/05\\\/Whatsapp-ab-16-aetka-Blog.jpg\",\"inLanguage\":\"de\",\"potentialAction\":[{\"@type\":\"CommentAction\",\"name\":\"Comment\",\"target\":[\"https:\\\/\\\/aetka.de\\\/blog\\\/whatsapp-ab-16\\\/#respond\"]}]},{\"@type\":\"WebPage\",\"@id\":\"https:\\\/\\\/aetka.de\\\/blog\\\/whatsapp-ab-16\\\/\",\"url\":\"https:\\\/\\\/aetka.de\\\/blog\\\/whatsapp-ab-16\\\/\",\"name\":\"WhatsApp ab 16 - Was gilt es zu beachten? - aetka Blog\",\"isPartOf\":{\"@id\":\"https:\\\/\\\/aetka.de\\\/blog\\\/#website\"},\"primaryImageOfPage\":{\"@id\":\"https:\\\/\\\/aetka.de\\\/blog\\\/whatsapp-ab-16\\\/#primaryimage\"},\"image\":{\"@id\":\"https:\\\/\\\/aetka.de\\\/blog\\\/whatsapp-ab-16\\\/#primaryimage\"},\"thumbnailUrl\":\"https:\\\/\\\/aetka.de\\\/blog\\\/wp-content\\\/uploads\\\/2018\\\/05\\\/Whatsapp-ab-16-aetka-Blog.jpg\",\"datePublished\":\"2018-05-17T13:28:25+00:00\",\"dateModified\":\"2021-12-28T08:22:10+00:00\",\"author\":{\"@id\":\"https:\\\/\\\/aetka.de\\\/blog\\\/#\\\/schema\\\/person\\\/2db390720813483f33bfec106b183084\"},\"description\":\"Aufgrund der europ\u00e4ischen Datenschutz-Grundverordnung aktualisieren viele Unternehmen ihre Nutzungsbedingungen. Auch Whatsapp reagiert und setzt das Mindestalter zur Nutzung auf 16 Jahre fest. Im Beitrag finden Sie alle Infos zur Nutzung von Whatsapp ab 16.\",\"breadcrumb\":{\"@id\":\"https:\\\/\\\/aetka.de\\\/blog\\\/whatsapp-ab-16\\\/#breadcrumb\"},\"inLanguage\":\"de\",\"potentialAction\":[{\"@type\":\"ReadAction\",\"target\":[\"https:\\\/\\\/aetka.de\\\/blog\\\/whatsapp-ab-16\\\/\"]}]},{\"@type\":\"ImageObject\",\"inLanguage\":\"de\",\"@id\":\"https:\\\/\\\/aetka.de\\\/blog\\\/whatsapp-ab-16\\\/#primaryimage\",\"url\":\"https:\\\/\\\/aetka.de\\\/blog\\\/wp-content\\\/uploads\\\/2018\\\/05\\\/Whatsapp-ab-16-aetka-Blog.jpg\",\"contentUrl\":\"https:\\\/\\\/aetka.de\\\/blog\\\/wp-content\\\/uploads\\\/2018\\\/05\\\/Whatsapp-ab-16-aetka-Blog.jpg\",\"width\":800,\"height\":400,\"caption\":\"WhatsApp ab 16\"},{\"@type\":\"BreadcrumbList\",\"@id\":\"https:\\\/\\\/aetka.de\\\/blog\\\/whatsapp-ab-16\\\/#breadcrumb\",\"itemListElement\":[{\"@type\":\"ListItem\",\"position\":1,\"name\":\"Startseite\",\"item\":\"https:\\\/\\\/aetka.de\\\/blog\\\/\"},{\"@type\":\"ListItem\",\"position\":2,\"name\":\"WhatsApp ab 16 &#8211; Was gilt es zu beachten?\"}]},{\"@type\":\"WebSite\",\"@id\":\"https:\\\/\\\/aetka.de\\\/blog\\\/#website\",\"url\":\"https:\\\/\\\/aetka.de\\\/blog\\\/\",\"name\":\"aetka Blog\",\"description\":\"\",\"potentialAction\":[{\"@type\":\"SearchAction\",\"target\":{\"@type\":\"EntryPoint\",\"urlTemplate\":\"https:\\\/\\\/aetka.de\\\/blog\\\/?s={search_term_string}\"},\"query-input\":{\"@type\":\"PropertyValueSpecification\",\"valueRequired\":true,\"valueName\":\"search_term_string\"}}],\"inLanguage\":\"de\"},{\"@type\":\"Person\",\"@id\":\"https:\\\/\\\/aetka.de\\\/blog\\\/#\\\/schema\\\/person\\\/2db390720813483f33bfec106b183084\",\"name\":\"Robert Gatnar\",\"image\":{\"@type\":\"ImageObject\",\"inLanguage\":\"de\",\"@id\":\"https:\\\/\\\/secure.gravatar.com\\\/avatar\\\/1d56f22d826b7b46c1b2e3813fed04c46303a93f4b7c89ddc5042a9c726ad54c?s=96&d=blank&r=g\",\"url\":\"https:\\\/\\\/secure.gravatar.com\\\/avatar\\\/1d56f22d826b7b46c1b2e3813fed04c46303a93f4b7c89ddc5042a9c726ad54c?s=96&d=blank&r=g\",\"contentUrl\":\"https:\\\/\\\/secure.gravatar.com\\\/avatar\\\/1d56f22d826b7b46c1b2e3813fed04c46303a93f4b7c89ddc5042a9c726ad54c?s=96&d=blank&r=g\",\"caption\":\"Robert Gatnar\"}}]}<\/script>\n<!-- \/ Yoast SEO plugin. -->","yoast_head_json":{"title":"WhatsApp ab 16 - Was gilt es zu beachten? - aetka Blog","description":"Aufgrund der europ\u00e4ischen Datenschutz-Grundverordnung aktualisieren viele Unternehmen ihre Nutzungsbedingungen. Auch Whatsapp reagiert und setzt das Mindestalter zur Nutzung auf 16 Jahre fest. Im Beitrag finden Sie alle Infos zur Nutzung von Whatsapp ab 16.","robots":{"index":"index","follow":"follow","max-snippet":"max-snippet:-1","max-image-preview":"max-image-preview:large","max-video-preview":"max-video-preview:-1"},"canonical":"https:\/\/aetka.de\/blog\/whatsapp-ab-16\/","og_locale":"de_DE","og_type":"article","og_title":"WhatsApp Alterbeschr\u00e4nkung - Geh\u00f6rst du dazu?","og_description":"Aufgrund der europ\u00e4ischen Datenschutz-Grundverordnung aktualisieren viele Unternehmen ihre Nutzungsbedingungen. Auch Whatsapp reagiert und setzt das Mindestalter zur Nutzung auf 16 Jahre fest. Im Beitrag finden Sie alle Infos zur Nutzung von Whatsapp ab 16.","og_url":"https:\/\/aetka.de\/blog\/whatsapp-ab-16\/","og_site_name":"aetka Blog","article_publisher":"https:\/\/www.facebook.com\/aetka.ag","article_published_time":"2018-05-17T13:28:25+00:00","article_modified_time":"2021-12-28T08:22:10+00:00","og_image":[{"width":1200,"height":630,"url":"https:\/\/aetka.de\/blog\/wp-content\/uploads\/2018\/05\/Whatsapp-ab-16-aetka-Blog-Facebook.jpg","type":"image\/jpeg"}],"author":"Robert Gatnar","twitter_card":"summary_large_image","twitter_creator":"@aetka","twitter_site":"@aetka","twitter_misc":{"Verfasst von":"Robert Gatnar","Gesch\u00e4tzte Lesezeit":"2\u00a0Minuten"},"schema":{"@context":"https:\/\/schema.org","@graph":[{"@type":"Article","@id":"https:\/\/aetka.de\/blog\/whatsapp-ab-16\/#article","isPartOf":{"@id":"https:\/\/aetka.de\/blog\/whatsapp-ab-16\/"},"author":{"name":"Robert Gatnar","@id":"https:\/\/aetka.de\/blog\/#\/schema\/person\/2db390720813483f33bfec106b183084"},"headline":"WhatsApp ab 16 &#8211; Was gilt es zu beachten?","datePublished":"2018-05-17T13:28:25+00:00","dateModified":"2021-12-28T08:22:10+00:00","mainEntityOfPage":{"@id":"https:\/\/aetka.de\/blog\/whatsapp-ab-16\/"},"wordCount":484,"commentCount":0,"image":{"@id":"https:\/\/aetka.de\/blog\/whatsapp-ab-16\/#primaryimage"},"thumbnailUrl":"https:\/\/aetka.de\/blog\/wp-content\/uploads\/2018\/05\/Whatsapp-ab-16-aetka-Blog.jpg","inLanguage":"de","potentialAction":[{"@type":"CommentAction","name":"Comment","target":["https:\/\/aetka.de\/blog\/whatsapp-ab-16\/#respond"]}]},{"@type":"WebPage","@id":"https:\/\/aetka.de\/blog\/whatsapp-ab-16\/","url":"https:\/\/aetka.de\/blog\/whatsapp-ab-16\/","name":"WhatsApp ab 16 - Was gilt es zu beachten? - aetka Blog","isPartOf":{"@id":"https:\/\/aetka.de\/blog\/#website"},"primaryImageOfPage":{"@id":"https:\/\/aetka.de\/blog\/whatsapp-ab-16\/#primaryimage"},"image":{"@id":"https:\/\/aetka.de\/blog\/whatsapp-ab-16\/#primaryimage"},"thumbnailUrl":"https:\/\/aetka.de\/blog\/wp-content\/uploads\/2018\/05\/Whatsapp-ab-16-aetka-Blog.jpg","datePublished":"2018-05-17T13:28:25+00:00","dateModified":"2021-12-28T08:22:10+00:00","author":{"@id":"https:\/\/aetka.de\/blog\/#\/schema\/person\/2db390720813483f33bfec106b183084"},"description":"Aufgrund der europ\u00e4ischen Datenschutz-Grundverordnung aktualisieren viele Unternehmen ihre Nutzungsbedingungen. Auch Whatsapp reagiert und setzt das Mindestalter zur Nutzung auf 16 Jahre fest. Im Beitrag finden Sie alle Infos zur Nutzung von Whatsapp ab 16.","breadcrumb":{"@id":"https:\/\/aetka.de\/blog\/whatsapp-ab-16\/#breadcrumb"},"inLanguage":"de","potentialAction":[{"@type":"ReadAction","target":["https:\/\/aetka.de\/blog\/whatsapp-ab-16\/"]}]},{"@type":"ImageObject","inLanguage":"de","@id":"https:\/\/aetka.de\/blog\/whatsapp-ab-16\/#primaryimage","url":"https:\/\/aetka.de\/blog\/wp-content\/uploads\/2018\/05\/Whatsapp-ab-16-aetka-Blog.jpg","contentUrl":"https:\/\/aetka.de\/blog\/wp-content\/uploads\/2018\/05\/Whatsapp-ab-16-aetka-Blog.jpg","width":800,"height":400,"caption":"WhatsApp ab 16"},{"@type":"BreadcrumbList","@id":"https:\/\/aetka.de\/blog\/whatsapp-ab-16\/#breadcrumb","itemListElement":[{"@type":"ListItem","position":1,"name":"Startseite","item":"https:\/\/aetka.de\/blog\/"},{"@type":"ListItem","position":2,"name":"WhatsApp ab 16 &#8211; Was gilt es zu beachten?"}]},{"@type":"WebSite","@id":"https:\/\/aetka.de\/blog\/#website","url":"https:\/\/aetka.de\/blog\/","name":"aetka Blog","description":"","potentialAction":[{"@type":"SearchAction","target":{"@type":"EntryPoint","urlTemplate":"https:\/\/aetka.de\/blog\/?s={search_term_string}"},"query-input":{"@type":"PropertyValueSpecification","valueRequired":true,"valueName":"search_term_string"}}],"inLanguage":"de"},{"@type":"Person","@id":"https:\/\/aetka.de\/blog\/#\/schema\/person\/2db390720813483f33bfec106b183084","name":"Robert Gatnar","image":{"@type":"ImageObject","inLanguage":"de","@id":"https:\/\/secure.gravatar.com\/avatar\/1d56f22d826b7b46c1b2e3813fed04c46303a93f4b7c89ddc5042a9c726ad54c?s=96&d=blank&r=g","url":"https:\/\/secure.gravatar.com\/avatar\/1d56f22d826b7b46c1b2e3813fed04c46303a93f4b7c89ddc5042a9c726ad54c?s=96&d=blank&r=g","contentUrl":"https:\/\/secure.gravatar.com\/avatar\/1d56f22d826b7b46c1b2e3813fed04c46303a93f4b7c89ddc5042a9c726ad54c?s=96&d=blank&r=g","caption":"Robert Gatnar"}}]}},"_links":{"self":[{"href":"https:\/\/aetka.de\/blog\/wp-json\/wp\/v2\/posts\/2459","targetHints":{"allow":["GET"]}}],"collection":[{"href":"https:\/\/aetka.de\/blog\/wp-json\/wp\/v2\/posts"}],"about":[{"href":"https:\/\/aetka.de\/blog\/wp-json\/wp\/v2\/types\/post"}],"author":[{"embeddable":true,"href":"https:\/\/aetka.de\/blog\/wp-json\/wp\/v2\/users\/26"}],"replies":[{"embeddable":true,"href":"https:\/\/aetka.de\/blog\/wp-json\/wp\/v2\/comments?post=2459"}],"version-history":[{"count":26,"href":"https:\/\/aetka.de\/blog\/wp-json\/wp\/v2\/posts\/2459\/revisions"}],"predecessor-version":[{"id":7859,"href":"https:\/\/aetka.de\/blog\/wp-json\/wp\/v2\/posts\/2459\/revisions\/7859"}],"wp:featuredmedia":[{"embeddable":true,"href":"https:\/\/aetka.de\/blog\/wp-json\/wp\/v2\/media\/2502"}],"wp:attachment":[{"href":"https:\/\/aetka.de\/blog\/wp-json\/wp\/v2\/media?parent=2459"}],"wp:term":[{"taxonomy":"category","embeddable":true,"href":"https:\/\/aetka.de\/blog\/wp-json\/wp\/v2\/categories?post=2459"},{"taxonomy":"post_tag","embeddable":true,"href":"https:\/\/aetka.de\/blog\/wp-json\/wp\/v2\/tags?post=2459"}],"curies":[{"name":"wp","href":"https:\/\/api.w.org\/{rel}","templated":true}]}}